{"id":84277,"date":"2016-04-13T15:08:35","date_gmt":"2016-04-13T18:08:35","guid":{"rendered":"http:\/\/www.redenoticia.com.br\/noticia\/?p=84277"},"modified":"2016-04-13T15:08:35","modified_gmt":"2016-04-13T18:08:35","slug":"novela-a-mentira-resumo-1404-demetrio-quer-transformar-a-vida-de-veronica","status":"publish","type":"post","link":"https:\/\/migracao.redenoticia.com.br\/noticia\/2016\/novela-a-mentira-resumo-1404-demetrio-quer-transformar-a-vida-de-veronica\/84277","title":{"rendered":"Novela \u201cA Mentira\u201d resumo 14\/04: Dem\u00e9trio quer transformar a vida de Ver\u00f4nica"},"content":{"rendered":"<p> <img loading=\"lazy\" decoding=\"async\" class=\"alignleft size-thumbnail wp-image-83096\" src=\"https:\/\/migracao.redenoticia.com.br\/noticia\/imagens\/a_mentira_sbt_resumo_novela-150x112.jpg\" alt=\"a_mentira_sbt_resumo_novela\" width=\"150\" height=\"112\" srcset=\"https:\/\/migracao.redenoticia.com.br\/noticia\/imagens\/a_mentira_sbt_resumo_novela-150x112.jpg 150w, https:\/\/migracao.redenoticia.com.br\/noticia\/imagens\/a_mentira_sbt_resumo_novela-265x198.jpg 265w\" sizes=\"auto, (max-width: 150px) 100vw, 150px\" \/><strong><em>Novela \u201cA Mentira\u201d resumo 14\/04:<\/em><\/strong> enquanto Ver\u00f4nica conversa com sua tia Let\u00edcia, Virg\u00ednia entra no quarto dela e esconde cartas de Ricardo Prata no meio das suas roupas \u00edntimas. Nesse momento, Teodoro entra e insiste em saber o que ela est\u00e1 fazendo no quarto de Ver\u00f4nica. Como sempre, ela d\u00e1 uma desculpa e se sai bem. Teodoro recebe o suposto hist\u00f3rico cl\u00ednico de Ver\u00f4nica. Ao perguntar a Virg\u00ednia o que ela sabe sobre o assunto, a vil\u00e3 insiste em afirmar que soube da gravidez e do aborto porque a pr\u00f3pria Ver\u00f4nica lhe contou. Enquanto isso, Dem\u00e9trio em seu quarto, pensa como vai fazer para transformar a vida de Ver\u00f4nica num verdadeiro inferno.<\/p>\n<p>No capitulo 014 (*), novela \u201cA Mentira\u201d, quinta-feira, 14 de abril \u2013 Dem\u00e9trio volta para falar com Ver\u00f4nica que, decepcionada, pergunta porque ele acreditou em tudo que seu primo disse se ela nunca lhe deu motivos para que ele pensasse mal dela. Depois, chorando, ela devolve o anel de noiva e diz que uma rela\u00e7\u00e3o n\u00e3o pode existir sem confian\u00e7a. Enquanto Ver\u00f4nica procura apoio em sua tia Let\u00edcia, Virg\u00ednia entra \u00e0s escondidas no quarto dela e coloca no meio das suas roupas \u00edntimas algumas cartas de Ricardo Prata. <\/p>\n<p>Nesse momento entra Teodoro, que insiste em saber o que ela est\u00e1 fazendo no quarto da prima. Como sempre, ela se sai bem. Teodoro e Sara est\u00e3o preocupados com o desaparecimento do filho e Carlos, seu melhor amigo, se oferece para procur\u00e1-lo. A conversa que ouviu na biblioteca deu a Dem\u00e9trio a certeza de que Ver\u00f4nica \u00e9 realmente a mulher que seu irm\u00e3o amou. Carlos encontra Jo\u00e3o, completamente b\u00eabado, no bar do hotel onde Dem\u00e9trio est\u00e1 hospedado e garante que n\u00e3o vai embora antes de falar com ele. Chega \u00e0s m\u00e3os de Teodoro o suposto hist\u00f3rico cl\u00ednico de Ver\u00f4nica. <\/p>\n<p>Ao perguntar a Virg\u00ednia o que ela sabe sobre o assunto, ela insiste em afirmar que soube da gravidez e do aborto porque a pr\u00f3pria Ver\u00f4nica lhe contou. Dem\u00e9trio chega ao hotel e enfrenta a f\u00faria do Jo\u00e3o que amea\u00e7a agredi-lo e s\u00f3 n\u00e3o consegue gra\u00e7as \u00e0 interven\u00e7\u00e3o do seu amigo Carlos e da calma que Dem\u00e9trio consegue manter em considera\u00e7\u00e3o \u00e0 amizade que existe entre eles. Sozinho em seu quarto, Dem\u00e9trio pensa como vai fazer para transformar a vida de Ver\u00f4nica num verdadeiro inferno. Enquanto isso Teodoro analisa mais uma vez o hist\u00f3rico m\u00e9dico e a data do aborto e chega \u00e0 conclus\u00e3o de que o filho que Ver\u00f4nica esperava n\u00e3o podia ser do Ricardo Prata. <\/p>\n<p>(*) edi\u00e7\u00e3o do SBT, Novela \u201cA Mentira\u201d, sujeito a altera\u00e7\u00e3o de data e conte\u00fado.<\/p>\n","protected":false},"excerpt":{"rendered":"<p>Novela \u201cA Mentira\u201d resumo 14\/04: enquanto Ver\u00f4nica conversa com sua tia Let\u00edcia, Virg\u00ednia entra no quarto dela e esconde cartas de Ricardo Prata no meio das suas roupas \u00edntimas. Nesse momento, Teodoro entra e insiste em saber o que ela est\u00e1 fazendo no quarto de Ver\u00f4nica. Como sempre, ela d\u00e1 uma desculpa e se sai [&hellip;]<\/p>\n","protected":false},"author":2,"featured_media":83096,"comment_status":"open","ping_status":"closed","sticky":false,"template":"","format":"standard","meta":{"tdm_status":"","tdm_grid_status":"","footnotes":""},"categories":[379,372,343],"tags":[441],"class_list":{"0":"post-84277","1":"post","2":"type-post","3":"status-publish","4":"format-standard","5":"has-post-thumbnail","7":"category-novelas","8":"category-sbt","9":"category-televisao","10":"tag-resumo-do-dia"},"_links":{"self":[{"href":"https:\/\/migracao.redenoticia.com.br\/noticia\/wp-json\/wp\/v2\/posts\/84277","targetHints":{"allow":["GET"]}}],"collection":[{"href":"https:\/\/migracao.redenoticia.com.br\/noticia\/wp-json\/wp\/v2\/posts"}],"about":[{"href":"https:\/\/migracao.redenoticia.com.br\/noticia\/wp-json\/wp\/v2\/types\/post"}],"author":[{"embeddable":true,"href":"https:\/\/migracao.redenoticia.com.br\/noticia\/wp-json\/wp\/v2\/users\/2"}],"replies":[{"embeddable":true,"href":"https:\/\/migracao.redenoticia.com.br\/noticia\/wp-json\/wp\/v2\/comments?post=84277"}],"version-history":[{"count":0,"href":"https:\/\/migracao.redenoticia.com.br\/noticia\/wp-json\/wp\/v2\/posts\/84277\/revisions"}],"wp:featuredmedia":[{"embeddable":true,"href":"https:\/\/migracao.redenoticia.com.br\/noticia\/wp-json\/wp\/v2\/media\/83096"}],"wp:attachment":[{"href":"https:\/\/migracao.redenoticia.com.br\/noticia\/wp-json\/wp\/v2\/media?parent=84277"}],"wp:term":[{"taxonomy":"category","embeddable":true,"href":"https:\/\/migracao.redenoticia.com.br\/noticia\/wp-json\/wp\/v2\/categories?post=84277"},{"taxonomy":"post_tag","embeddable":true,"href":"https:\/\/migracao.redenoticia.com.br\/noticia\/wp-json\/wp\/v2\/tags?post=84277"}],"curies":[{"name":"wp","href":"https:\/\/api.w.org\/{rel}","templated":true}]}}