{"id":84281,"date":"2016-04-13T15:13:11","date_gmt":"2016-04-13T18:13:11","guid":{"rendered":"http:\/\/www.redenoticia.com.br\/noticia\/?p=84281"},"modified":"2016-04-13T15:13:11","modified_gmt":"2016-04-13T18:13:11","slug":"novela-abismo-da-paixao-resumo-1404-augusto-expulsa-carmen-da-sua-vida","status":"publish","type":"post","link":"https:\/\/migracao.redenoticia.com.br\/noticia\/2016\/novela-abismo-da-paixao-resumo-1404-augusto-expulsa-carmen-da-sua-vida\/84281","title":{"rendered":"Novela \u201cAbismo da Paix\u00e3o\u201d resumo 14\/04: Augusto expulsa Carmen da sua vida"},"content":{"rendered":"<p> <img loading=\"lazy\" decoding=\"async\" class=\"alignleft size-thumbnail wp-image-81978\" src=\"https:\/\/migracao.redenoticia.com.br\/noticia\/imagens\/abismo_de_paixao_sbt_resumo_novela-150x112.jpg\" alt=\"abismo_de_paixao_sbt_resumo_novela\" width=\"150\" height=\"112\" srcset=\"https:\/\/migracao.redenoticia.com.br\/noticia\/imagens\/abismo_de_paixao_sbt_resumo_novela-150x112.jpg 150w, https:\/\/migracao.redenoticia.com.br\/noticia\/imagens\/abismo_de_paixao_sbt_resumo_novela-265x198.jpg 265w\" sizes=\"auto, (max-width: 150px) 100vw, 150px\" \/><strong><em>Novela \u201cAbismo da Paix\u00e3o\u201d resumo 14\/04<\/em><\/strong>: Carmen e Ramiro combinam um encontro na casa azul, onde ela anteriormente se encontrava com Rog\u00e9rio. Ramiro tenta beijar Carmen e ela o impede, perguntando antes se ele conseguiu convencer Almerinda a aceitar os produtos de Augusto. Augusto chega e diz que Carmen \u00e9 igualzinha \u00e0 sua falecida irm\u00e3. Ele olha Ramiro de cima a baixo e diz que a \u00fanica diferen\u00e7a \u00e9 que Estef\u00e2nia tinha um gosto muito mais refinado. Augusto pede que Carmen saia imediatamente de sua casa e de sua vida, pois por ela jamais sentiu o amor que sentia por Estef\u00e2nia.<\/p>\n<p>No cap\u00edtulo 013 (*), novela \u201cAbismo da Paix\u00e3o\u201d, quinta-feira, 14 de abril \u2013 Gael recebe Dami\u00e3o friamente e questiona o porqu\u00ea de ele ter se dignado a visitar os \u201cpobres\u201d. Dami\u00e3o responde que sempre quis voltar de passeio ao povoado, por\u00e9m sempre encontrou muita resist\u00eancia em sua m\u00e3e. Almerinda diz ao Padre Lupe que Dami\u00e3o voltou ao povoado para lhe dizer que vai se casar fazer sua vida na capital, por\u00e9m ela deseja que o filho fique no povoado e assuma a empresa que era de seu pai. Carmen e Ramiro combinam de se ver na \u201ccasa azul\u201d, onde ela anteriormente encontrava se com Rog\u00e9rio. <\/p>\n<p>Ramiro tenta beijar Carmen e ela o impede, perguntando antes se ele conseguiu convencer Almerinda a aceitar os produtos de Augusto. Ramiro insiste em beij\u00e1-la. Neste momento chega Augusto que diz que Carmen \u00e9 igualzinha \u00e0 sua falecida irm\u00e3. Ele olha Ramiro de cima a baixo e diz que a \u00fanica diferen\u00e7a \u00e9 que Estef\u00e2nia tinha um gosto muito mais refinado. Augusto pede que Carmen saia imediatamente de sua casa e de sua vida, pois por ela jamais sentiu o amor que sentia por Estef\u00e2nia. <\/p>\n<p>Carmen diz a Elisa que suas tentativas de separ\u00e1-la de seu pai falharam. Ela diz que n\u00e3o foi falar com Ramiro por ser sua amante, mas para tratar de neg\u00f3cios, j\u00e1 Augusto est\u00e1 indo de mal a pior. Augusto, furioso, diz a Almerinda que n\u00e3o quer que sua processadora compre seu produto. Almerinda, furiosa, adverte Ramiro que por seu pr\u00f3prio bem, n\u00e3o volte a fazer nada as suas costas. Dami\u00e3o visita Elisa. <\/p>\n<p>(*) edi\u00e7\u00e3o do SBT, Novela \u201cAbismo da Paix\u00e3o\u201d, sujeito a altera\u00e7\u00e3o de data e conte\u00fado.<\/p>\n","protected":false},"excerpt":{"rendered":"<p>Novela \u201cAbismo da Paix\u00e3o\u201d resumo 14\/04: Carmen e Ramiro combinam um encontro na casa azul, onde ela anteriormente se encontrava com Rog\u00e9rio. Ramiro tenta beijar Carmen e ela o impede, perguntando antes se ele conseguiu convencer Almerinda a aceitar os produtos de Augusto. Augusto chega e diz que Carmen \u00e9 igualzinha \u00e0 sua falecida irm\u00e3. [&hellip;]<\/p>\n","protected":false},"author":2,"featured_media":81978,"comment_status":"open","ping_status":"closed","sticky":false,"template":"","format":"standard","meta":{"tdm_status":"","tdm_grid_status":"","footnotes":""},"categories":[379,372,343],"tags":[441],"class_list":{"0":"post-84281","1":"post","2":"type-post","3":"status-publish","4":"format-standard","5":"has-post-thumbnail","7":"category-novelas","8":"category-sbt","9":"category-televisao","10":"tag-resumo-do-dia"},"_links":{"self":[{"href":"https:\/\/migracao.redenoticia.com.br\/noticia\/wp-json\/wp\/v2\/posts\/84281","targetHints":{"allow":["GET"]}}],"collection":[{"href":"https:\/\/migracao.redenoticia.com.br\/noticia\/wp-json\/wp\/v2\/posts"}],"about":[{"href":"https:\/\/migracao.redenoticia.com.br\/noticia\/wp-json\/wp\/v2\/types\/post"}],"author":[{"embeddable":true,"href":"https:\/\/migracao.redenoticia.com.br\/noticia\/wp-json\/wp\/v2\/users\/2"}],"replies":[{"embeddable":true,"href":"https:\/\/migracao.redenoticia.com.br\/noticia\/wp-json\/wp\/v2\/comments?post=84281"}],"version-history":[{"count":0,"href":"https:\/\/migracao.redenoticia.com.br\/noticia\/wp-json\/wp\/v2\/posts\/84281\/revisions"}],"wp:featuredmedia":[{"embeddable":true,"href":"https:\/\/migracao.redenoticia.com.br\/noticia\/wp-json\/wp\/v2\/media\/81978"}],"wp:attachment":[{"href":"https:\/\/migracao.redenoticia.com.br\/noticia\/wp-json\/wp\/v2\/media?parent=84281"}],"wp:term":[{"taxonomy":"category","embeddable":true,"href":"https:\/\/migracao.redenoticia.com.br\/noticia\/wp-json\/wp\/v2\/categories?post=84281"},{"taxonomy":"post_tag","embeddable":true,"href":"https:\/\/migracao.redenoticia.com.br\/noticia\/wp-json\/wp\/v2\/tags?post=84281"}],"curies":[{"name":"wp","href":"https:\/\/api.w.org\/{rel}","templated":true}]}}