{"id":84301,"date":"2016-04-13T15:36:03","date_gmt":"2016-04-13T18:36:03","guid":{"rendered":"http:\/\/www.redenoticia.com.br\/noticia\/?p=84301"},"modified":"2016-04-13T15:36:03","modified_gmt":"2016-04-13T18:36:03","slug":"novela-eta-mundo-bom-resumo-1404-filomena-decide-procurar-candinho","status":"publish","type":"post","link":"https:\/\/migracao.redenoticia.com.br\/noticia\/2016\/novela-eta-mundo-bom-resumo-1404-filomena-decide-procurar-candinho\/84301","title":{"rendered":"Novela \u201cEta Mundo Bom\u201d resumo 14\/04: Filomena decide procurar Candinho"},"content":{"rendered":"<p> <img loading=\"lazy\" decoding=\"async\" class=\"alignleft size-thumbnail wp-image-82131\" src=\"https:\/\/migracao.redenoticia.com.br\/noticia\/imagens\/eta_mundo_bom_globo_novela_resumo-150x112.jpg\" alt=\"eta_mundo_bom_globo_novela_resumo\" width=\"150\" height=\"112\" srcset=\"https:\/\/migracao.redenoticia.com.br\/noticia\/imagens\/eta_mundo_bom_globo_novela_resumo-150x112.jpg 150w, https:\/\/migracao.redenoticia.com.br\/noticia\/imagens\/eta_mundo_bom_globo_novela_resumo-265x198.jpg 265w\" sizes=\"auto, (max-width: 150px) 100vw, 150px\" \/><strong><em>Novela \u201cEta Mundo Bom\u201d resumo 14\/04<\/em><\/strong>: Candinho reconhece Sandra e diz que ela chegou a ver o medalh\u00e3o. Sandra tenta se explicar para Anast\u00e1cia e Pancr\u00e1cio a convence de que seus sobrinhos n\u00e3o participaram da arma\u00e7\u00e3o de Ernesto. Enquanto isso, Filomena est\u00e1 desesperada ao descobrir que est\u00e1 gr\u00e1vida de Candinho. Neste momento, Clarice aparece com a revela\u00e7\u00e3o de que Diana e Fragoso armaram para que ela se separasse do amado. Filomena decide romper amizade com Fragoso e contar a Candinho que ele ser\u00e1 pai. <\/p>\n<p>No capitulo 076(*), novela \u201cEta Mundo Bom\u201d, quinta-feira, 14 de abril \u2013 Sandra tenta se explicar para Anast\u00e1cia e Pancr\u00e1cio convence a matriarca de que seus sobrinhos n\u00e3o participaram da arma\u00e7\u00e3o de Ernesto. <\/p>\n<p>Clarice revela tudo o que descobriu a Filomena, que afirma que romper\u00e1 sua amizade com Fragoso e contar\u00e1 a Candinho que ele ser\u00e1 pai. Anast\u00e1cia agradece o apoio de Maria. Pancr\u00e1cio e Anast\u00e1cia decidem se conhecer melhor. <\/p>\n<p>Pancr\u00e1cio leva Eponina ao encontro de Filomena. Eponina n\u00e3o gosta de ver Filomena com Fragoso. Sarita inventa para Mafalda que \u00e9 noiva de Romeu. Sandra afirma a Ernesto que se casar\u00e1 com o verdadeiro Candinho.  <\/p>\n<p>(*) edi\u00e7\u00e3o da Rede Globo, Novela \u201cEta Mundo Bom\u201d, sujeito a altera\u00e7\u00e3o de data e conte\u00fado. <\/p>\n","protected":false},"excerpt":{"rendered":"<p>Novela \u201cEta Mundo Bom\u201d resumo 14\/04: Candinho reconhece Sandra e diz que ela chegou a ver o medalh\u00e3o. Sandra tenta se explicar para Anast\u00e1cia e Pancr\u00e1cio a convence de que seus sobrinhos n\u00e3o participaram da arma\u00e7\u00e3o de Ernesto. Enquanto isso, Filomena est\u00e1 desesperada ao descobrir que est\u00e1 gr\u00e1vida de Candinho. Neste momento, Clarice aparece com [&hellip;]<\/p>\n","protected":false},"author":2,"featured_media":79935,"comment_status":"open","ping_status":"closed","sticky":false,"template":"","format":"standard","meta":{"tdm_status":"","tdm_grid_status":"","footnotes":""},"categories":[379,375,343],"tags":[441],"class_list":{"0":"post-84301","1":"post","2":"type-post","3":"status-publish","4":"format-standard","5":"has-post-thumbnail","7":"category-novelas","8":"category-rede-globo","9":"category-televisao","10":"tag-resumo-do-dia"},"_links":{"self":[{"href":"https:\/\/migracao.redenoticia.com.br\/noticia\/wp-json\/wp\/v2\/posts\/84301","targetHints":{"allow":["GET"]}}],"collection":[{"href":"https:\/\/migracao.redenoticia.com.br\/noticia\/wp-json\/wp\/v2\/posts"}],"about":[{"href":"https:\/\/migracao.redenoticia.com.br\/noticia\/wp-json\/wp\/v2\/types\/post"}],"author":[{"embeddable":true,"href":"https:\/\/migracao.redenoticia.com.br\/noticia\/wp-json\/wp\/v2\/users\/2"}],"replies":[{"embeddable":true,"href":"https:\/\/migracao.redenoticia.com.br\/noticia\/wp-json\/wp\/v2\/comments?post=84301"}],"version-history":[{"count":0,"href":"https:\/\/migracao.redenoticia.com.br\/noticia\/wp-json\/wp\/v2\/posts\/84301\/revisions"}],"wp:featuredmedia":[{"embeddable":true,"href":"https:\/\/migracao.redenoticia.com.br\/noticia\/wp-json\/wp\/v2\/media\/79935"}],"wp:attachment":[{"href":"https:\/\/migracao.redenoticia.com.br\/noticia\/wp-json\/wp\/v2\/media?parent=84301"}],"wp:term":[{"taxonomy":"category","embeddable":true,"href":"https:\/\/migracao.redenoticia.com.br\/noticia\/wp-json\/wp\/v2\/categories?post=84301"},{"taxonomy":"post_tag","embeddable":true,"href":"https:\/\/migracao.redenoticia.com.br\/noticia\/wp-json\/wp\/v2\/tags?post=84301"}],"curies":[{"name":"wp","href":"https:\/\/api.w.org\/{rel}","templated":true}]}}