{"id":84305,"date":"2016-04-13T15:38:35","date_gmt":"2016-04-13T18:38:35","guid":{"rendered":"http:\/\/www.redenoticia.com.br\/noticia\/?p=84305"},"modified":"2016-04-13T15:38:35","modified_gmt":"2016-04-13T18:38:35","slug":"novela-velho-chico-resumo-1404-olivia-se-revolta-com-afranio","status":"publish","type":"post","link":"https:\/\/migracao.redenoticia.com.br\/noticia\/2016\/novela-velho-chico-resumo-1404-olivia-se-revolta-com-afranio\/84305","title":{"rendered":"Novela \u201cVelho Chico\u201d resumo 14\/04: Ol\u00edvia se revolta com Afr\u00e2nio"},"content":{"rendered":"<p> <img loading=\"lazy\" decoding=\"async\" class=\"alignleft size-thumbnail wp-image-82169\" src=\"https:\/\/migracao.redenoticia.com.br\/noticia\/imagens\/velho_chico_novela_resumo_globo-150x112.jpg\" alt=\"velho_chico_novela_resumo_globo\" width=\"150\" height=\"112\" srcset=\"https:\/\/migracao.redenoticia.com.br\/noticia\/imagens\/velho_chico_novela_resumo_globo-150x112.jpg 150w, https:\/\/migracao.redenoticia.com.br\/noticia\/imagens\/velho_chico_novela_resumo_globo-265x198.jpg 265w\" sizes=\"auto, (max-width: 150px) 100vw, 150px\" \/><strong><em>Novela \u201cVelho Chico\u201d resumo 14\/04<\/em><\/strong>: o coronel Afr\u00e2nio discursa na inaugura\u00e7\u00e3o de uma estrada, que s\u00f3 beneficia a fazenda do mesmo. Ol\u00edvia, filha de Santo, se revolta e Afr\u00e2nio exige que Carlos Eduardo afaste Bento da pol\u00edtica. Ol\u00edvia chama aten\u00e7\u00e3o pela beleza ex\u00f3tica e agreste. Ela conhecer\u00e1 Miguel quando ele aparecer na cooperativa com um projeto e muitos sonhos. Lucas, apaixonado por Ol\u00edvia, revelar\u00e1 para Santo que Miguel \u00e9 neto do coronel. <\/p>\n<p>No capitulo 028 (*), novela \u201cVelho Chico\u201d, quinta-feira, 14 de abril \u2013 Ernani revela a Afr\u00e2nio que os empregados interromperam seus trabalhos por ordem de Tereza. Carlos Eduardo garante a Afr\u00e2nio que as obras da estrada n\u00e3o seguir\u00e3o adiante. <\/p>\n<p>Tereza acredita que Santo tenha desistido de seu filho e afirma que jamais entender\u00e1 sua decis\u00e3o. Santo tenta esquecer seu amor por Tereza. Afr\u00e2nio discursa para a popula\u00e7\u00e3o e Ol\u00edvia se revolta. <\/p>\n<p>Afr\u00e2nio exige que Carlos Eduardo afaste Bento da pol\u00edtica. Afr\u00e2nio discute com Tereza. Iolanda confronta Afr\u00e2nio por causa de Martim. C\u00edcero se insinua para Tereza e Carlos Eduardo os observa.<\/p>\n<p>(*) edi\u00e7\u00e3o da Rede Globo, Novela \u201cVelho Chico\u201d, sujeito a altera\u00e7\u00e3o de data e conte\u00fado.<\/p>\n","protected":false},"excerpt":{"rendered":"<p>Novela \u201cVelho Chico\u201d resumo 14\/04: o coronel Afr\u00e2nio discursa na inaugura\u00e7\u00e3o de uma estrada, que s\u00f3 beneficia a fazenda do mesmo. Ol\u00edvia, filha de Santo, se revolta e Afr\u00e2nio exige que Carlos Eduardo afaste Bento da pol\u00edtica. Ol\u00edvia chama aten\u00e7\u00e3o pela beleza ex\u00f3tica e agreste. Ela conhecer\u00e1 Miguel quando ele aparecer na cooperativa com um [&hellip;]<\/p>\n","protected":false},"author":2,"featured_media":84125,"comment_status":"open","ping_status":"closed","sticky":false,"template":"","format":"standard","meta":{"tdm_status":"","tdm_grid_status":"","footnotes":""},"categories":[379,375,343],"tags":[441],"class_list":{"0":"post-84305","1":"post","2":"type-post","3":"status-publish","4":"format-standard","5":"has-post-thumbnail","7":"category-novelas","8":"category-rede-globo","9":"category-televisao","10":"tag-resumo-do-dia"},"_links":{"self":[{"href":"https:\/\/migracao.redenoticia.com.br\/noticia\/wp-json\/wp\/v2\/posts\/84305","targetHints":{"allow":["GET"]}}],"collection":[{"href":"https:\/\/migracao.redenoticia.com.br\/noticia\/wp-json\/wp\/v2\/posts"}],"about":[{"href":"https:\/\/migracao.redenoticia.com.br\/noticia\/wp-json\/wp\/v2\/types\/post"}],"author":[{"embeddable":true,"href":"https:\/\/migracao.redenoticia.com.br\/noticia\/wp-json\/wp\/v2\/users\/2"}],"replies":[{"embeddable":true,"href":"https:\/\/migracao.redenoticia.com.br\/noticia\/wp-json\/wp\/v2\/comments?post=84305"}],"version-history":[{"count":0,"href":"https:\/\/migracao.redenoticia.com.br\/noticia\/wp-json\/wp\/v2\/posts\/84305\/revisions"}],"wp:featuredmedia":[{"embeddable":true,"href":"https:\/\/migracao.redenoticia.com.br\/noticia\/wp-json\/wp\/v2\/media\/84125"}],"wp:attachment":[{"href":"https:\/\/migracao.redenoticia.com.br\/noticia\/wp-json\/wp\/v2\/media?parent=84305"}],"wp:term":[{"taxonomy":"category","embeddable":true,"href":"https:\/\/migracao.redenoticia.com.br\/noticia\/wp-json\/wp\/v2\/categories?post=84305"},{"taxonomy":"post_tag","embeddable":true,"href":"https:\/\/migracao.redenoticia.com.br\/noticia\/wp-json\/wp\/v2\/tags?post=84305"}],"curies":[{"name":"wp","href":"https:\/\/api.w.org\/{rel}","templated":true}]}}