{"id":84480,"date":"2016-04-16T01:10:35","date_gmt":"2016-04-16T04:10:35","guid":{"rendered":"http:\/\/www.redenoticia.com.br\/noticia\/?p=84480"},"modified":"2016-04-16T01:10:35","modified_gmt":"2016-04-16T04:10:35","slug":"novela-cumplices-de-um-resgate-resumo-1804-priscila-sofre-com-anorexia","status":"publish","type":"post","link":"https:\/\/migracao.redenoticia.com.br\/noticia\/2016\/novela-cumplices-de-um-resgate-resumo-1804-priscila-sofre-com-anorexia\/84480","title":{"rendered":"Novela \u201cC\u00famplices de um Resgate\u201d resumo 18\/04: Priscila sofre com anorexia"},"content":{"rendered":"<p> <img loading=\"lazy\" decoding=\"async\" src=\"https:\/\/migracao.redenoticia.com.br\/noticia\/imagens\/cumplices_de_um_resgate_sbt_novela_resumo-150x112.jpg\" alt=\"cumplices_de_um_resgate_sbt_novela_resumo\" width=\"150\" height=\"112\" class=\"alignleft size-thumbnail wp-image-71351\" srcset=\"https:\/\/migracao.redenoticia.com.br\/noticia\/imagens\/cumplices_de_um_resgate_sbt_novela_resumo-150x112.jpg 150w, https:\/\/migracao.redenoticia.com.br\/noticia\/imagens\/cumplices_de_um_resgate_sbt_novela_resumo-265x198.jpg 265w\" sizes=\"auto, (max-width: 150px) 100vw, 150px\" \/><strong><em>Novela \u201cC\u00famplices de um Resgate\u201d resumo 18\/04<\/em><\/strong>: no hospital, Priscila insiste em n\u00e3o comer e Raul fica preocupado, devido ao seu quadro de anemia. O m\u00e9dico conversa com sua m\u00e3e e seus av\u00f3s, explica que o problema de Priscila deve ser psicol\u00f3gico e, por isso, um profissional vai atend\u00ea-la no hospital. Joaquim conversa com Aurora e Fortunato e eles contam que os m\u00e9dicos diagnosticaram um dist\u00farbio alimentar em Priscila, princ\u00edpio de anorexia, e pedem a ajuda dele para convencer a garota a se alimentar. Safira procura Geraldo e o agradece por ter doado sangue para Priscila.<\/p>\n<p>No cap\u00edtulo 186(*), novela \u201cC\u00famplice de um Resgate\u201d, segunda-feira, 18 de abril \u2013 Mateus e D\u00f3ris planejam aprontar com Berta (Maximiliana Reis), que \u00e9 sempre t\u00e3o implicante. Pedro convida Luis para trabalhar como seu assistente na cl\u00ednica veterin\u00e1ria. Priscila insiste em n\u00e3o comer e o m\u00e9dico Raul fica preocupado devido o quadro de anemia da menina. O m\u00e9dico avisa Safira, Aurora e Fortunato que o problema deve ser psicol\u00f3gico e por isso um profissional atender\u00e1 ela no hospital. Regina aproveita o acidente de Priscila e diz que Manuela precisa se afastar de Joaquim para que a garota fique mais feliz. <\/p>\n<p>Giuseppe e Nico s\u00e3o assaltados. Fl\u00e1via vai atr\u00e1s do pastor Augusto e pergunta se ele gosta de Gemima (Gabriella Di Grecco). O pastor diz que n\u00e3o, pois gosta dela, por\u00e9m n\u00e3o podem ficar juntos por ele ser pastor e ela de igreja diferente. Manuela est\u00e1 triste por ter que se afastar de Joaquim para que Priscila fique mais feliz. Ot\u00e1vio chega com Isabela, que finge ser Manuela, em casa. Rebeca, que est\u00e1 preocupada e nervosa, chama a aten\u00e7\u00e3o dos dois e diz que quer falar com Ot\u00e1vio. Helena percebe compras que n\u00e3o fez na fatura de seu cart\u00e3o de cr\u00e9dito e desconfia de Fausto. <\/p>\n<p>Ot\u00e1vio diz que ama Rebeca e tenta se reconciliar. Os dois se beijam, mas Nina chega e atrapalha o envolvimento. Giuseppe e Nico est\u00e3o sem dinheiro para voltar ao vilarejo e n\u00e3o lembram nem o n\u00famero do telefone de ningu\u00e9m para pedir ajuda. No vilarejo, Fiorina fica aflita pela demora do marido. Safira vai at\u00e9 a gravadora e agradece Geraldo por ter doado sangue para Priscila. No hospital, Aurora e Fortunato contam para Joaquim que os m\u00e9dicos diagnosticaram um dist\u00farbio alimentar em Priscila, princ\u00edpio de anorexia e, por isso, pedem a ajuda dele para convencer a garota a se alimentar.  <\/p>\n<p>(*) edi\u00e7\u00e3o do SBT, Novela \u201cC\u00famplices de um Resgate\u201d, sujeito a altera\u00e7\u00e3o de data e conte\u00fado.<\/p>\n","protected":false},"excerpt":{"rendered":"<p>Novela \u201cC\u00famplices de um Resgate\u201d resumo 18\/04: no hospital, Priscila insiste em n\u00e3o comer e Raul fica preocupado, devido ao seu quadro de anemia. O m\u00e9dico conversa com sua m\u00e3e e seus av\u00f3s, explica que o problema de Priscila deve ser psicol\u00f3gico e, por isso, um profissional vai atend\u00ea-la no hospital. Joaquim conversa com Aurora [&hellip;]<\/p>\n","protected":false},"author":2,"featured_media":71351,"comment_status":"open","ping_status":"closed","sticky":false,"template":"","format":"standard","meta":{"tdm_status":"","tdm_grid_status":"","footnotes":""},"categories":[379,372,343],"tags":[441],"class_list":{"0":"post-84480","1":"post","2":"type-post","3":"status-publish","4":"format-standard","5":"has-post-thumbnail","7":"category-novelas","8":"category-sbt","9":"category-televisao","10":"tag-resumo-do-dia"},"_links":{"self":[{"href":"https:\/\/migracao.redenoticia.com.br\/noticia\/wp-json\/wp\/v2\/posts\/84480","targetHints":{"allow":["GET"]}}],"collection":[{"href":"https:\/\/migracao.redenoticia.com.br\/noticia\/wp-json\/wp\/v2\/posts"}],"about":[{"href":"https:\/\/migracao.redenoticia.com.br\/noticia\/wp-json\/wp\/v2\/types\/post"}],"author":[{"embeddable":true,"href":"https:\/\/migracao.redenoticia.com.br\/noticia\/wp-json\/wp\/v2\/users\/2"}],"replies":[{"embeddable":true,"href":"https:\/\/migracao.redenoticia.com.br\/noticia\/wp-json\/wp\/v2\/comments?post=84480"}],"version-history":[{"count":0,"href":"https:\/\/migracao.redenoticia.com.br\/noticia\/wp-json\/wp\/v2\/posts\/84480\/revisions"}],"wp:featuredmedia":[{"embeddable":true,"href":"https:\/\/migracao.redenoticia.com.br\/noticia\/wp-json\/wp\/v2\/media\/71351"}],"wp:attachment":[{"href":"https:\/\/migracao.redenoticia.com.br\/noticia\/wp-json\/wp\/v2\/media?parent=84480"}],"wp:term":[{"taxonomy":"category","embeddable":true,"href":"https:\/\/migracao.redenoticia.com.br\/noticia\/wp-json\/wp\/v2\/categories?post=84480"},{"taxonomy":"post_tag","embeddable":true,"href":"https:\/\/migracao.redenoticia.com.br\/noticia\/wp-json\/wp\/v2\/tags?post=84480"}],"curies":[{"name":"wp","href":"https:\/\/api.w.org\/{rel}","templated":true}]}}