{"id":84484,"date":"2016-04-16T01:13:45","date_gmt":"2016-04-16T04:13:45","guid":{"rendered":"http:\/\/www.redenoticia.com.br\/noticia\/?p=84484"},"modified":"2016-04-16T01:13:45","modified_gmt":"2016-04-16T04:13:45","slug":"novela-abismo-da-paixao-resumo-1804-augusto-implica-com-elisa-e-damiao","status":"publish","type":"post","link":"https:\/\/migracao.redenoticia.com.br\/noticia\/2016\/novela-abismo-da-paixao-resumo-1804-augusto-implica-com-elisa-e-damiao\/84484","title":{"rendered":"Novela \u201cAbismo da Paix\u00e3o\u201d resumo 18\/04: Augusto implica com Elisa e Dami\u00e3o"},"content":{"rendered":"<p> <img loading=\"lazy\" decoding=\"async\" class=\"alignleft size-thumbnail wp-image-81978\" src=\"https:\/\/migracao.redenoticia.com.br\/noticia\/imagens\/abismo_de_paixao_sbt_resumo_novela-150x112.jpg\" alt=\"abismo_de_paixao_sbt_resumo_novela\" width=\"150\" height=\"112\" srcset=\"https:\/\/migracao.redenoticia.com.br\/noticia\/imagens\/abismo_de_paixao_sbt_resumo_novela-150x112.jpg 150w, https:\/\/migracao.redenoticia.com.br\/noticia\/imagens\/abismo_de_paixao_sbt_resumo_novela-265x198.jpg 265w\" sizes=\"auto, (max-width: 150px) 100vw, 150px\" \/><strong><em>Novela \u201cAbismo da Paix\u00e3o\u201d resumo 18\/04<\/em><\/strong>: Dami\u00e3o vai \u00e0 casa de Elisa e a convida para passear pela pra\u00e7a. Dissimulada, Carmem conta para Augusto que Elisa saiu com o filho de Almerinda. Augusto diz que n\u00e3o quer seus parentes de conversa com a fam\u00edlia ou os amigos daquela mulher. N\u00e3o satisfeita, Carmen fala mal de Elisa para Dolores, que a defende dizendo que Elisa \u00e9 uma mulher sensata e solteira, que n\u00e3o fica se encontrando com homens em lugares escondidos. Carmen, furiosa, diz a Dolores que ela n\u00e3o tem direito de se meter em sua vida, muito menos julg\u00e1-la. Dolores responde que Carmen precisa entender que Elisa n\u00e3o tem culpa que ela seja uma mulher amargurada. Quando volta do passeio, Augusto pro\u00edbe a filha de voltar a sair com Dami\u00e3o.<\/p>\n<p>No cap\u00edtulo 016 (*), novela \u201cAbismo da Paix\u00e3o\u201d, segunda-feira, 18 de abril \u2013 Dami\u00e3o se desculpa com Elisa por t\u00ea-la feito acreditar que n\u00e3o a havia reconhecido. Ele diz que se enganou, mas jamais poderia esquec\u00ea-la. Ele ainda diz que ela est\u00e1 ainda mais bonita do que ele imaginava e a convida para passear pela pra\u00e7a. Carmen continua se justificando com Augusto. Augusto diz que n\u00e3o quer seus parentes de conversa com a fam\u00edlia ou os amigos de Almerinda. Carmen pede que ele diga isso a Elisa, pois neste exato momento ela e Dami\u00e3o est\u00e3o passeando pela pra\u00e7a. <\/p>\n<p>Carmen fala mal de Elisa diante de Dolores, que a defende dizendo que Elisa \u00e9 uma mulher sensata e solteira, que n\u00e3o fica se encontrando com homens em lugares escondidos. Carmen, furiosa, diz a Dolores que ela n\u00e3o tem direito de se meter em sua vida, muito menos julg\u00e1-la. Dolores responde que Carmen precisa entender que Elisa n\u00e3o tem culpa que ela seja uma mulher amargurada. Dami\u00e3o esclarece a Elisa que quando chegou ficou distante porque acreditou que todos j\u00e1 o haviam esquecido. Ela responde que ela e Gael pensaram o mesmo quanto a eles, pois eles sempre o enviavam cartas e ele nunca as respondeu. Dami\u00e3o revela que nunca recebeu nada. Gael reclama, com ci\u00fames, por Elisa estar demonstrando tanto interesse por Dami\u00e3o. Elisa diz a Gael que ele n\u00e3o tem nenhum direito de dizer lhe com quem ela deve falar ou sair. Augusto pro\u00edbe Elisa de voltar a sair com Dami\u00e3o. <\/p>\n<p>Almerinda furiosa esbofeteia Elisa, e a diz que isso \u00e9 para que entenda que n\u00e3o a quer ver nem perto de seu filho, quanto mais falando e saindo com ele. Elisa devolve a bofetada e diz a Almerinda que isso \u00e9 para que ela aprenda a respeit\u00e1-la, pois j\u00e1 n\u00e3o \u00e9 aquela crian\u00e7a que um dia ela agrediu. O Padre Lupe sorri quando Elisa conta que Almerinda a esbofeteou, mas ela devolveu a bofetada. Dami\u00e3o procura Elisa e ela, com receio, o diz que seria melhor n\u00e3o se verem mais, pois assim evitariam problemas. Ramiro pretende tirar Lucio da processadora. Ao v\u00ea-lo, come\u00e7a a expuls\u00e1-lo aos empurr\u00f5es. Ele se surpreende quando chega Dami\u00e3o e o adverte que, se fazer algo a Lucio, poder\u00e1 se despedir no mesmo momento de sua processadora. <\/p>\n<p>(*) edi\u00e7\u00e3o do SBT, Novela \u201cAbismo da Paix\u00e3o\u201d, sujeito a altera\u00e7\u00e3o de data e conte\u00fado.<\/p>\n","protected":false},"excerpt":{"rendered":"<p>Novela \u201cAbismo da Paix\u00e3o\u201d resumo 18\/04: Dami\u00e3o vai \u00e0 casa de Elisa e a convida para passear pela pra\u00e7a. Dissimulada, Carmem conta para Augusto que Elisa saiu com o filho de Almerinda. Augusto diz que n\u00e3o quer seus parentes de conversa com a fam\u00edlia ou os amigos daquela mulher. N\u00e3o satisfeita, Carmen fala mal de [&hellip;]<\/p>\n","protected":false},"author":2,"featured_media":81978,"comment_status":"open","ping_status":"closed","sticky":false,"template":"","format":"standard","meta":{"tdm_status":"","tdm_grid_status":"","footnotes":""},"categories":[379,372,343],"tags":[441],"class_list":{"0":"post-84484","1":"post","2":"type-post","3":"status-publish","4":"format-standard","5":"has-post-thumbnail","7":"category-novelas","8":"category-sbt","9":"category-televisao","10":"tag-resumo-do-dia"},"_links":{"self":[{"href":"https:\/\/migracao.redenoticia.com.br\/noticia\/wp-json\/wp\/v2\/posts\/84484","targetHints":{"allow":["GET"]}}],"collection":[{"href":"https:\/\/migracao.redenoticia.com.br\/noticia\/wp-json\/wp\/v2\/posts"}],"about":[{"href":"https:\/\/migracao.redenoticia.com.br\/noticia\/wp-json\/wp\/v2\/types\/post"}],"author":[{"embeddable":true,"href":"https:\/\/migracao.redenoticia.com.br\/noticia\/wp-json\/wp\/v2\/users\/2"}],"replies":[{"embeddable":true,"href":"https:\/\/migracao.redenoticia.com.br\/noticia\/wp-json\/wp\/v2\/comments?post=84484"}],"version-history":[{"count":0,"href":"https:\/\/migracao.redenoticia.com.br\/noticia\/wp-json\/wp\/v2\/posts\/84484\/revisions"}],"wp:featuredmedia":[{"embeddable":true,"href":"https:\/\/migracao.redenoticia.com.br\/noticia\/wp-json\/wp\/v2\/media\/81978"}],"wp:attachment":[{"href":"https:\/\/migracao.redenoticia.com.br\/noticia\/wp-json\/wp\/v2\/media?parent=84484"}],"wp:term":[{"taxonomy":"category","embeddable":true,"href":"https:\/\/migracao.redenoticia.com.br\/noticia\/wp-json\/wp\/v2\/categories?post=84484"},{"taxonomy":"post_tag","embeddable":true,"href":"https:\/\/migracao.redenoticia.com.br\/noticia\/wp-json\/wp\/v2\/tags?post=84484"}],"curies":[{"name":"wp","href":"https:\/\/api.w.org\/{rel}","templated":true}]}}