{"id":845,"date":"2009-04-26T11:29:16","date_gmt":"2009-04-26T15:29:16","guid":{"rendered":"http:\/\/www.redenoticia.com.br\/noticia\/?p=845"},"modified":"2009-04-26T12:51:05","modified_gmt":"2009-04-26T16:51:05","slug":"novo-perfil-na-internet","status":"publish","type":"post","link":"https:\/\/migracao.redenoticia.com.br\/noticia\/2009\/novo-perfil-na-internet\/845","title":{"rendered":"Novo perfil na internet"},"content":{"rendered":"<p><a href=\"https:\/\/migracao.redenoticia.com.br\/noticia\/imagens\/\/google1.jpg\"><img loading=\"lazy\" decoding=\"async\" class=\"alignleft size-full wp-image-846\" title=\"google1\" src=\"https:\/\/migracao.redenoticia.com.br\/noticia\/imagens\/\/google1.jpg\" alt=\"google1\" width=\"150\" height=\"113\" \/><\/a>Desde a \u00faltima ter\u00e7a-feira (21), o Google permite que o internauta construa um perfil b\u00e1sico sobre si mesmo, que aparecer\u00e1 quando algu\u00e9m fizer uma busca sobre seu nome.<\/p>\n<p>A ideia, segundo o Google, \u00e9 fazer com que as pessoas \u201ctenham mais voz\u201d sobre o aparece sobre elas na Internet, fazendo um contraponto a algo negativo que possa aparecer nos resultados da busca.<\/p>\n<p>De acordo com informa\u00e7\u00f5es do jornal USA Today, tamb\u00e9m haver\u00e1 links para pesquisas sobre o mesmo nome em sites como Facebook e LinkedIn. Por ora, a novidade servir\u00e1 apenas aos internautas norte-americanos.<\/p>\n<p>Fonte News Free<\/p>\n","protected":false},"excerpt":{"rendered":"<p>Desde a \u00faltima ter\u00e7a-feira (21), o Google permite que o internauta construa um perfil b\u00e1sico sobre si mesmo, que aparecer\u00e1 quando algu\u00e9m fizer uma busca sobre seu nome. A ideia, segundo o Google, \u00e9 fazer com que as pessoas \u201ctenham mais voz\u201d sobre o aparece sobre elas na Internet, fazendo um contraponto a algo negativo [&hellip;]<\/p>\n","protected":false},"author":3,"featured_media":0,"comment_status":"open","ping_status":"open","sticky":false,"template":"","format":"standard","meta":{"tdm_status":"","tdm_grid_status":"","footnotes":""},"categories":[22],"tags":[],"class_list":{"0":"post-845","1":"post","2":"type-post","3":"status-publish","4":"format-standard","6":"category-brasil"},"_links":{"self":[{"href":"https:\/\/migracao.redenoticia.com.br\/noticia\/wp-json\/wp\/v2\/posts\/845","targetHints":{"allow":["GET"]}}],"collection":[{"href":"https:\/\/migracao.redenoticia.com.br\/noticia\/wp-json\/wp\/v2\/posts"}],"about":[{"href":"https:\/\/migracao.redenoticia.com.br\/noticia\/wp-json\/wp\/v2\/types\/post"}],"author":[{"embeddable":true,"href":"https:\/\/migracao.redenoticia.com.br\/noticia\/wp-json\/wp\/v2\/users\/3"}],"replies":[{"embeddable":true,"href":"https:\/\/migracao.redenoticia.com.br\/noticia\/wp-json\/wp\/v2\/comments?post=845"}],"version-history":[{"count":0,"href":"https:\/\/migracao.redenoticia.com.br\/noticia\/wp-json\/wp\/v2\/posts\/845\/revisions"}],"wp:attachment":[{"href":"https:\/\/migracao.redenoticia.com.br\/noticia\/wp-json\/wp\/v2\/media?parent=845"}],"wp:term":[{"taxonomy":"category","embeddable":true,"href":"https:\/\/migracao.redenoticia.com.br\/noticia\/wp-json\/wp\/v2\/categories?post=845"},{"taxonomy":"post_tag","embeddable":true,"href":"https:\/\/migracao.redenoticia.com.br\/noticia\/wp-json\/wp\/v2\/tags?post=845"}],"curies":[{"name":"wp","href":"https:\/\/api.w.org\/{rel}","templated":true}]}}