{"id":84515,"date":"2016-04-18T00:06:38","date_gmt":"2016-04-18T03:06:38","guid":{"rendered":"http:\/\/www.redenoticia.com.br\/noticia\/?p=84515"},"modified":"2016-04-18T00:11:53","modified_gmt":"2016-04-18T03:11:53","slug":"oportunidade-de-pos-doutorado-em-sintese-organica-em-sao-carlos","status":"publish","type":"post","link":"https:\/\/migracao.redenoticia.com.br\/noticia\/2016\/oportunidade-de-pos-doutorado-em-sintese-organica-em-sao-carlos\/84515","title":{"rendered":"Oportunidade de P\u00f3s-Doutorado em S\u00edntese Org\u00e2nica em S\u00e3o Carlos"},"content":{"rendered":"<p> Ag\u00eancia FAPESP \u2013 O Centro de Ci\u00eancias Exatas e de Tecnologia da Universidade Federal de S\u00e3o Carlos (UFSCar) oferece uma oportunidade de <strong><em>P\u00f3s-Doutorado em S\u00edntese Qu\u00edmica<\/em><\/strong> com bolsa da FAPESP. O prazo de inscri\u00e7\u00e3o encerra em 20 de abril.<\/p>\n<p>O bolsista integrar\u00e1 a equipe do projeto &#8220;&#8221;, um Aux\u00edlio \u00e0 Pesquisa vinculado ao Programa Apoio \u00e0 Pesquisa em Parceria para Inova\u00e7\u00e3o Tecnol\u00f3gica () da Funda\u00e7\u00e3o.<\/p>\n<p>O principal objetivo do projeto \u00e9 a confirma\u00e7\u00e3o da atividade biol\u00f3gica de derivados de quinoxalinas visando o desenvolvimento de f\u00e1rmacos para a terapia da doen\u00e7a de Chagas e leishmaniose. A meta \u00e9 a otimiza\u00e7\u00e3o da s\u00edntese de derivados quinoxalinicos, visando um processo mais verde e o aumento de escala.<\/p>\n<p>O bolsista selecionado trabalhar\u00e1 no laborat\u00f3rio coordenado pela profa. Arlene G. Corr\u00eaa, no Departamento de Qu\u00edmica da UFSCar (DQ), na \u00e1rea de s\u00edntese org\u00e2nica e qu\u00edmica medicinal, com particular \u00eanfase no planejamento e s\u00edntese de candidatos a f\u00e1rmacos para a terapia da doen\u00e7a de Chagas e leishmaniose.<\/p>\n<p>As inscri\u00e7\u00f5es ser\u00e3o feitas exclusivamente por e-mail. Os candidatos dever\u00e3o enviar carta de interesse e curriculum vitae atualizado, incluindo trabalhos publicados que atestem a capacidade de realiza\u00e7\u00e3o do projeto, para o endere\u00e7o da coordenadora\u00a0agcorrea@ufscar.br.<\/p>\n<p>A oportunidade est\u00e1 publicada em .<\/p>\n<p>O selecionado receber\u00e1 bolsa de P\u00f3s-Doutorado da FAPESP no valor de R$ 6.819,30 mensais e Reserva T\u00e9cnica. A Reserva T\u00e9cnica da bolsa de PD equivale a 15% do valor anual da bolsa e tem o objetivo de atender a despesas imprevistas e diretamente relacionadas \u00e0 atividade de pesquisa. Caso o bolsista resida em domic\u00edlio diferente e precise se mudar para a cidade onde se localiza a institui\u00e7\u00e3o sede da pesquisa, poder\u00e1 ter direito a um Aux\u00edlio-Instala\u00e7\u00e3o.<\/p>\n<p>Mais informa\u00e7\u00f5es sobre a bolsa de P\u00f3s-Doutorado da FAPESP est\u00e3o dispon\u00edveis em .<\/p>\n<p>Outras vagas de bolsas de P\u00f3s-Doutorado, em diversas \u00e1reas do conhecimento, est\u00e3o no site .<\/p>\n","protected":false},"excerpt":{"rendered":"<p>Ag\u00eancia FAPESP \u2013 O Centro de Ci\u00eancias Exatas e de Tecnologia da Universidade Federal de S\u00e3o Carlos (UFSCar) oferece uma oportunidade de P\u00f3s-Doutorado em S\u00edntese Qu\u00edmica com bolsa da FAPESP. O prazo de inscri\u00e7\u00e3o encerra em 20 de abril. O bolsista integrar\u00e1 a equipe do projeto &#8220;&#8221;, um Aux\u00edlio \u00e0 Pesquisa vinculado ao Programa Apoio [&hellip;]<\/p>\n","protected":false},"author":2,"featured_media":34864,"comment_status":"open","ping_status":"closed","sticky":false,"template":"","format":"standard","meta":{"tdm_status":"","tdm_grid_status":"","footnotes":""},"categories":[22,370,353],"tags":[],"class_list":{"0":"post-84515","1":"post","2":"type-post","3":"status-publish","4":"format-standard","5":"has-post-thumbnail","7":"category-brasil","8":"category-inscricao","9":"category-oportunidades"},"_links":{"self":[{"href":"https:\/\/migracao.redenoticia.com.br\/noticia\/wp-json\/wp\/v2\/posts\/84515","targetHints":{"allow":["GET"]}}],"collection":[{"href":"https:\/\/migracao.redenoticia.com.br\/noticia\/wp-json\/wp\/v2\/posts"}],"about":[{"href":"https:\/\/migracao.redenoticia.com.br\/noticia\/wp-json\/wp\/v2\/types\/post"}],"author":[{"embeddable":true,"href":"https:\/\/migracao.redenoticia.com.br\/noticia\/wp-json\/wp\/v2\/users\/2"}],"replies":[{"embeddable":true,"href":"https:\/\/migracao.redenoticia.com.br\/noticia\/wp-json\/wp\/v2\/comments?post=84515"}],"version-history":[{"count":0,"href":"https:\/\/migracao.redenoticia.com.br\/noticia\/wp-json\/wp\/v2\/posts\/84515\/revisions"}],"wp:featuredmedia":[{"embeddable":true,"href":"https:\/\/migracao.redenoticia.com.br\/noticia\/wp-json\/wp\/v2\/media\/34864"}],"wp:attachment":[{"href":"https:\/\/migracao.redenoticia.com.br\/noticia\/wp-json\/wp\/v2\/media?parent=84515"}],"wp:term":[{"taxonomy":"category","embeddable":true,"href":"https:\/\/migracao.redenoticia.com.br\/noticia\/wp-json\/wp\/v2\/categories?post=84515"},{"taxonomy":"post_tag","embeddable":true,"href":"https:\/\/migracao.redenoticia.com.br\/noticia\/wp-json\/wp\/v2\/tags?post=84515"}],"curies":[{"name":"wp","href":"https:\/\/api.w.org\/{rel}","templated":true}]}}