{"id":84517,"date":"2016-04-18T00:07:20","date_gmt":"2016-04-18T03:07:20","guid":{"rendered":"http:\/\/www.redenoticia.com.br\/noticia\/?p=84517"},"modified":"2016-04-18T00:12:14","modified_gmt":"2016-04-18T03:12:14","slug":"obesidade-infantil-cinco-dicas-para-evitar","status":"publish","type":"post","link":"https:\/\/migracao.redenoticia.com.br\/noticia\/2016\/obesidade-infantil-cinco-dicas-para-evitar\/84517","title":{"rendered":"Obesidade infantil: cinco dicas para evitar"},"content":{"rendered":"<p> Diabetes, hipertens\u00e3o, colesterol alto, baixa autoestima e depress\u00e3o s\u00e3o algumas das consequ\u00eancias ocasionadas pela <strong><em>obesidade infantil<\/em><\/strong>. E mais, os\u00a0quilos extras podem tamb\u00e9m causar complica\u00e7\u00f5es na vida adulta das crian\u00e7as obesas, mesmo depois de tratadas.<\/p>\n<p>De acordo com a Secretaria de Estado da Sa\u00fade de S\u00e3o Paulo, ao longo dos \u00faltimos anos, os h\u00e1bitos alimentares dos pequenos passaram por grandes mudan\u00e7as. Foram inclu\u00eddos alimentos gordurosos e pouco nutritivos, o que gerou uma verdadeira epidemia de casos de obesidade infantil.<\/p>\n<p>Veja a seguir cinco recomenda\u00e7\u00f5es para combater a obesidade infantil:<br \/>\n&#8211; Controlar o ganho de peso na gesta\u00e7\u00e3o;<br \/>\n&#8211; Estimular a pr\u00e1tica de atividades f\u00edsicas;<br \/>\n&#8211; Oferecer alimentos saud\u00e1veis para a fam\u00edlia inteira;<br \/>\n&#8211; Realizar as refei\u00e7\u00f5es em lugares apropriados, longe da TV, computador e videogame;<br \/>\n&#8211; Servir de exemplo para as crian\u00e7as.<\/p>\n<p>Do Portal do Governo do Estado SP<\/p>\n<p>&#8212;A Secretaria de Estado da Sa\u00fade de S\u00e3o Paulo &#8211; SES-SP \u00e9 respons\u00e1vel pela formula\u00e7\u00e3o da Pol\u00edtica Estadual de Sa\u00fade e de suas diretrizes, norteada pelos princ\u00edpios do Sistema \u00danico de Sa\u00fade &#8211; SUS, que tem como prop\u00f3sitos promover a sa\u00fade priorizando as a\u00e7\u00f5es preventivas, democratizando as informa\u00e7\u00f5es relevantes para que a popula\u00e7\u00e3o conhe\u00e7a seus direitos e os riscos \u00e0 sua sa\u00fade.<\/p>\n","protected":false},"excerpt":{"rendered":"<p>Diabetes, hipertens\u00e3o, colesterol alto, baixa autoestima e depress\u00e3o s\u00e3o algumas das consequ\u00eancias ocasionadas pela obesidade infantil. E mais, os\u00a0quilos extras podem tamb\u00e9m causar complica\u00e7\u00f5es na vida adulta das crian\u00e7as obesas, mesmo depois de tratadas. De acordo com a Secretaria de Estado da Sa\u00fade de S\u00e3o Paulo, ao longo dos \u00faltimos anos, os h\u00e1bitos alimentares dos [&hellip;]<\/p>\n","protected":false},"author":2,"featured_media":37376,"comment_status":"open","ping_status":"closed","sticky":false,"template":"","format":"standard","meta":{"tdm_status":"","tdm_grid_status":"","footnotes":""},"categories":[22,5],"tags":[],"class_list":{"0":"post-84517","1":"post","2":"type-post","3":"status-publish","4":"format-standard","5":"has-post-thumbnail","7":"category-brasil","8":"category-saude-e-vida"},"_links":{"self":[{"href":"https:\/\/migracao.redenoticia.com.br\/noticia\/wp-json\/wp\/v2\/posts\/84517","targetHints":{"allow":["GET"]}}],"collection":[{"href":"https:\/\/migracao.redenoticia.com.br\/noticia\/wp-json\/wp\/v2\/posts"}],"about":[{"href":"https:\/\/migracao.redenoticia.com.br\/noticia\/wp-json\/wp\/v2\/types\/post"}],"author":[{"embeddable":true,"href":"https:\/\/migracao.redenoticia.com.br\/noticia\/wp-json\/wp\/v2\/users\/2"}],"replies":[{"embeddable":true,"href":"https:\/\/migracao.redenoticia.com.br\/noticia\/wp-json\/wp\/v2\/comments?post=84517"}],"version-history":[{"count":0,"href":"https:\/\/migracao.redenoticia.com.br\/noticia\/wp-json\/wp\/v2\/posts\/84517\/revisions"}],"wp:featuredmedia":[{"embeddable":true,"href":"https:\/\/migracao.redenoticia.com.br\/noticia\/wp-json\/wp\/v2\/media\/37376"}],"wp:attachment":[{"href":"https:\/\/migracao.redenoticia.com.br\/noticia\/wp-json\/wp\/v2\/media?parent=84517"}],"wp:term":[{"taxonomy":"category","embeddable":true,"href":"https:\/\/migracao.redenoticia.com.br\/noticia\/wp-json\/wp\/v2\/categories?post=84517"},{"taxonomy":"post_tag","embeddable":true,"href":"https:\/\/migracao.redenoticia.com.br\/noticia\/wp-json\/wp\/v2\/tags?post=84517"}],"curies":[{"name":"wp","href":"https:\/\/api.w.org\/{rel}","templated":true}]}}