{"id":84569,"date":"2016-04-18T19:43:49","date_gmt":"2016-04-18T22:43:49","guid":{"rendered":"http:\/\/www.redenoticia.com.br\/noticia\/?p=84569"},"modified":"2016-04-18T14:44:43","modified_gmt":"2016-04-18T17:44:43","slug":"novela-sila-resumo-1904-emre-planeja-a-fuga-de-sila","status":"publish","type":"post","link":"https:\/\/migracao.redenoticia.com.br\/noticia\/2016\/novela-sila-resumo-1904-emre-planeja-a-fuga-de-sila\/84569","title":{"rendered":"Novela \u201cSila\u201d resumo 19\/04: Emre planeja a fuga de Sila"},"content":{"rendered":"<p> <img loading=\"lazy\" decoding=\"async\" class=\"alignleft size-thumbnail wp-image-83098\" src=\"https:\/\/migracao.redenoticia.com.br\/noticia\/imagens\/sila_band_novela_resumo_capitulo-150x112.jpg\" alt=\"sila_band_novela_resumo_capitulo\" width=\"150\" height=\"112\" srcset=\"https:\/\/migracao.redenoticia.com.br\/noticia\/imagens\/sila_band_novela_resumo_capitulo-150x112.jpg 150w, https:\/\/migracao.redenoticia.com.br\/noticia\/imagens\/sila_band_novela_resumo_capitulo-265x198.jpg 265w\" sizes=\"auto, (max-width: 150px) 100vw, 150px\" \/><strong><em> Novela \u201cSila\u201d resumo 19\/04<\/em><\/strong>: Azad discute com a sogra e Narim sofre um aborto. Ap\u00f3s muito sofrimento, ele aceita a proposta de sua irm\u00e3 Sila para fugir da comunidade com ela e Narin. Eles pretendem recome\u00e7ar a vida em Istambul, com o dinheiro da heran\u00e7a de Sila. Emre recebe uma liga\u00e7\u00e3o de Sila e come\u00e7a a planejar a fuga. <\/p>\n<p>No capitulo 019 (*), novela \u201cSila\u201d, ter\u00e7a-feira, 19 de abril \u2013 Boran recebe not\u00edcias sobre a carga que havia sido roubada e descobre que foi enganado por Dihan. Jornalistas interrogam Emre sobre o paradeiro de Sila. Sila pede que Boran salve uma jovem que est\u00e1 em apuros. Dihan liga anonimamente para jornalistas e d\u00e1 not\u00edcias sobre Sila. Boran recebe a jovem em casa, que \u00e9 solteira e est\u00e1 gr\u00e1vida. Boran ter\u00e1 que decidir sobre o destino da mo\u00e7a.<\/p>\n<p> Boran e o pai discutem sobre as tradi\u00e7\u00f5es do cl\u00e3. Sila enfrenta Boran, pois discorda de todas as regras. Emre planeja a fuga de Sila. A imprensa de Istambul come\u00e7a a investigar o caso de Sila e jornalistas viajam para Mardin. Azad conta ao pai que pretende fugir com Sila e Narin.<\/p>\n<p> Jornalistas encontram a casa de Sila. Sila conhece Lucine, irm\u00e3 de Abay. Jornalistas entrevistam Boran e questionam o casamento dele com Sila.<\/p>\n<p>(*) edi\u00e7\u00e3o da Band, Novela \u201cSila\u201d, sujeito a altera\u00e7\u00e3o de data e conte\u00fado.<\/p>\n","protected":false},"excerpt":{"rendered":"<p>Novela \u201cSila\u201d resumo 19\/04: Azad discute com a sogra e Narim sofre um aborto. Ap\u00f3s muito sofrimento, ele aceita a proposta de sua irm\u00e3 Sila para fugir da comunidade com ela e Narin. Eles pretendem recome\u00e7ar a vida em Istambul, com o dinheiro da heran\u00e7a de Sila. Emre recebe uma liga\u00e7\u00e3o de Sila e come\u00e7a [&hellip;]<\/p>\n","protected":false},"author":2,"featured_media":83098,"comment_status":"open","ping_status":"closed","sticky":false,"template":"","format":"standard","meta":{"tdm_status":"","tdm_grid_status":"","footnotes":""},"categories":[390,379,343],"tags":[441],"class_list":{"0":"post-84569","1":"post","2":"type-post","3":"status-publish","4":"format-standard","5":"has-post-thumbnail","7":"category-band","8":"category-novelas","9":"category-televisao","10":"tag-resumo-do-dia"},"_links":{"self":[{"href":"https:\/\/migracao.redenoticia.com.br\/noticia\/wp-json\/wp\/v2\/posts\/84569","targetHints":{"allow":["GET"]}}],"collection":[{"href":"https:\/\/migracao.redenoticia.com.br\/noticia\/wp-json\/wp\/v2\/posts"}],"about":[{"href":"https:\/\/migracao.redenoticia.com.br\/noticia\/wp-json\/wp\/v2\/types\/post"}],"author":[{"embeddable":true,"href":"https:\/\/migracao.redenoticia.com.br\/noticia\/wp-json\/wp\/v2\/users\/2"}],"replies":[{"embeddable":true,"href":"https:\/\/migracao.redenoticia.com.br\/noticia\/wp-json\/wp\/v2\/comments?post=84569"}],"version-history":[{"count":0,"href":"https:\/\/migracao.redenoticia.com.br\/noticia\/wp-json\/wp\/v2\/posts\/84569\/revisions"}],"wp:featuredmedia":[{"embeddable":true,"href":"https:\/\/migracao.redenoticia.com.br\/noticia\/wp-json\/wp\/v2\/media\/83098"}],"wp:attachment":[{"href":"https:\/\/migracao.redenoticia.com.br\/noticia\/wp-json\/wp\/v2\/media?parent=84569"}],"wp:term":[{"taxonomy":"category","embeddable":true,"href":"https:\/\/migracao.redenoticia.com.br\/noticia\/wp-json\/wp\/v2\/categories?post=84569"},{"taxonomy":"post_tag","embeddable":true,"href":"https:\/\/migracao.redenoticia.com.br\/noticia\/wp-json\/wp\/v2\/tags?post=84569"}],"curies":[{"name":"wp","href":"https:\/\/api.w.org\/{rel}","templated":true}]}}