{"id":84587,"date":"2016-04-19T10:29:54","date_gmt":"2016-04-19T13:29:54","guid":{"rendered":"http:\/\/www.redenoticia.com.br\/noticia\/?p=84587"},"modified":"2016-04-18T16:31:43","modified_gmt":"2016-04-18T19:31:43","slug":"capital-e-grande-sp-tem-vacinacao-contra-gripe-para-grupos-prioritarios","status":"publish","type":"post","link":"https:\/\/migracao.redenoticia.com.br\/noticia\/2016\/capital-e-grande-sp-tem-vacinacao-contra-gripe-para-grupos-prioritarios\/84587","title":{"rendered":"Capital e Grande SP tem vacina\u00e7\u00e3o contra gripe para grupos priorit\u00e1rios"},"content":{"rendered":"<p> A campanha de <strong><em>vacina\u00e7\u00e3o contra a gripe<\/em><\/strong> na Capital e Grande S\u00e3o Paulo para os grupos priorit\u00e1rios: crian\u00e7as maiores de seis meses e menores de cinco anos (982,8 mil), gestantes (179 mil) e idosos (1,83 milh\u00e3o) j\u00e1 come\u00e7ou, No total ser\u00e3o quase tr\u00eas milh\u00f5es de pessoas protegidas contra os v\u00edrus do inverno de 2016 (A\/California (H1N1), A\/Hong Kong (H3N2) e B\/Brisbane).  <\/p>\n<p>Para as demais cidades do estado e outros p\u00fablicos-alvo (doentes cr\u00f4nicos, pu\u00e9rperas, ind\u00edgenas, funcion\u00e1rios dos sistema prisional e a popula\u00e7\u00e3o privada de liberdade), a imuniza\u00e7\u00e3o contra a gripe deve seguir o calend\u00e1rio do Minist\u00e9rio da Sa\u00fade, com in\u00edcio previsto para o dia 30 de abril. <\/p>\n<p>O estado de S\u00e3o Paulo intensificou as medidas de prote\u00e7\u00e3o \u00e0 popula\u00e7\u00e3o desde o dia 23 de mar\u00e7o, quando deu in\u00edcio a vacina\u00e7\u00e3o extra em 67 munic\u00edpios da regi\u00e3o de S\u00e3o Jos\u00e9 do Rio Preto, utilizando doses remanescentes de 2015. O refor\u00e7o da imuniza\u00e7\u00e3o \u00e9 decorrente da preval\u00eancia do n\u00famero de casos nessa \u00e1rea, em compara\u00e7\u00e3o ao total do territ\u00f3rio paulista. Ainda assim, todos os moradores dessas cidades que tomarem essa vacina tamb\u00e9m dever\u00e3o ser vacinados durante a campanha nacional de 2016, pois as doses t\u00eam composi\u00e7\u00f5es distintas. <\/p>\n<p>A vacina contra a gripe distribu\u00edda na rede p\u00fablica \u00e9 produzida pelo Instituto Butantan, unidade ligada \u00e0 pasta, por meio de um processo de transfer\u00eancia de tecnologia. <\/p>\n<p>Do Portal do Governo do Estado SP<\/p>\n","protected":false},"excerpt":{"rendered":"<p>A campanha de vacina\u00e7\u00e3o contra a gripe na Capital e Grande S\u00e3o Paulo para os grupos priorit\u00e1rios: crian\u00e7as maiores de seis meses e menores de cinco anos (982,8 mil), gestantes (179 mil) e idosos (1,83 milh\u00e3o) j\u00e1 come\u00e7ou, No total ser\u00e3o quase tr\u00eas milh\u00f5es de pessoas protegidas contra os v\u00edrus do inverno de 2016 (A\/California [&hellip;]<\/p>\n","protected":false},"author":2,"featured_media":37376,"comment_status":"open","ping_status":"closed","sticky":false,"template":"","format":"standard","meta":{"tdm_status":"","tdm_grid_status":"","footnotes":""},"categories":[22,5],"tags":[],"class_list":{"0":"post-84587","1":"post","2":"type-post","3":"status-publish","4":"format-standard","5":"has-post-thumbnail","7":"category-brasil","8":"category-saude-e-vida"},"_links":{"self":[{"href":"https:\/\/migracao.redenoticia.com.br\/noticia\/wp-json\/wp\/v2\/posts\/84587","targetHints":{"allow":["GET"]}}],"collection":[{"href":"https:\/\/migracao.redenoticia.com.br\/noticia\/wp-json\/wp\/v2\/posts"}],"about":[{"href":"https:\/\/migracao.redenoticia.com.br\/noticia\/wp-json\/wp\/v2\/types\/post"}],"author":[{"embeddable":true,"href":"https:\/\/migracao.redenoticia.com.br\/noticia\/wp-json\/wp\/v2\/users\/2"}],"replies":[{"embeddable":true,"href":"https:\/\/migracao.redenoticia.com.br\/noticia\/wp-json\/wp\/v2\/comments?post=84587"}],"version-history":[{"count":0,"href":"https:\/\/migracao.redenoticia.com.br\/noticia\/wp-json\/wp\/v2\/posts\/84587\/revisions"}],"wp:featuredmedia":[{"embeddable":true,"href":"https:\/\/migracao.redenoticia.com.br\/noticia\/wp-json\/wp\/v2\/media\/37376"}],"wp:attachment":[{"href":"https:\/\/migracao.redenoticia.com.br\/noticia\/wp-json\/wp\/v2\/media?parent=84587"}],"wp:term":[{"taxonomy":"category","embeddable":true,"href":"https:\/\/migracao.redenoticia.com.br\/noticia\/wp-json\/wp\/v2\/categories?post=84587"},{"taxonomy":"post_tag","embeddable":true,"href":"https:\/\/migracao.redenoticia.com.br\/noticia\/wp-json\/wp\/v2\/tags?post=84587"}],"curies":[{"name":"wp","href":"https:\/\/api.w.org\/{rel}","templated":true}]}}