{"id":84589,"date":"2016-04-19T10:31:49","date_gmt":"2016-04-19T13:31:49","guid":{"rendered":"http:\/\/www.redenoticia.com.br\/noticia\/?p=84589"},"modified":"2016-04-18T16:34:58","modified_gmt":"2016-04-18T19:34:58","slug":"cinco-estados-e-o-df-iniciam-vacinacao-contra-a-gripe","status":"publish","type":"post","link":"https:\/\/migracao.redenoticia.com.br\/noticia\/2016\/cinco-estados-e-o-df-iniciam-vacinacao-contra-a-gripe\/84589","title":{"rendered":"Cinco estados e o DF iniciam vacina\u00e7\u00e3o contra a gripe"},"content":{"rendered":"<p> A <strong><em>vacina\u00e7\u00e3o contra a gripe<\/em><\/strong> come\u00e7ou no Distrito Federal e em pelo menos cinco estados \u2013 Esp\u00edrito Santo, Bahia, Goi\u00e1s, Par\u00e1 e Pernambuco. \u00c9 preciso ficar atento porque, em muitas localidades, apesar do an\u00fancio da antecipa\u00e7\u00e3o, nem todos os grupos de risco ser\u00e3o atendidos neste momento. A Campanha Nacional de Vacina\u00e7\u00e3o contra a Gripe, para todos os grupos, come\u00e7a oficialmente no dia 30 em todas as cidades do pa\u00eds.<\/p>\n<p>No Distrito Federal, recebem a dose esta semana crian\u00e7as de 6 meses a menores de 5 anos, gestantes, mulheres com at\u00e9 45 dias ap\u00f3s o parto e trabalhadores da sa\u00fade da rede p\u00fablica e privada, totalizando 295 mil pessoas. A vacina\u00e7\u00e3o ser\u00e1 feita em todos os centros de sa\u00fade, das 8h \u00e0s 12h e das 13h \u00e0s 17h.<\/p>\n<p> J\u00e1 no Esp\u00edrito Santo, a orienta\u00e7\u00e3o da Secretaria de Sa\u00fade \u00e9 que apenas gestantes, mulheres com at\u00e9 45 dias ap\u00f3s o parto e trabalhadores da sa\u00fade procurem os postos neste primeiro momento da campanha. Eles representam 13,55% do total de pessoas a serem vacinadas contra gripe em todo o estado.<\/p>\n<p>Na Bahia, ser\u00e3o imunizados j\u00e1 a partir de hoje todos os grupos priorit\u00e1rios \u2013 idosos, crian\u00e7as de 6 meses a menores de 5 anos, trabalhadores da sa\u00fade, gestantes, mulheres com at\u00e9 45 dias ap\u00f3s o parto, ind\u00edgenas, pessoas com doen\u00e7as cr\u00f4nicas, popula\u00e7\u00e3o privada de liberdade, funcion\u00e1rios do sistema prisional e adolescentes e jovens de 12 a 21 anos que est\u00e3o sob medidas socioeducativas.<\/p>\n<p>Em Goi\u00e1s, a previs\u00e3o \u00e9 que 167 munic\u00edpios comecem a vacinar todos os grupos de risco esta semana. No \u00faltimo dia 12, a campanha foi iniciada em 79 munic\u00edpios localizados nas Regionais de Sa\u00fade Central (com sede em Goi\u00e2nia), Entorno Sul (sede em Aparecida de Goi\u00e2nia), Pirineus (sede em An\u00e1polis) e Estrada de Ferro (sede em Catal\u00e3o).<\/p>\n<p>No Par\u00e1, a Secretaria de Sa\u00fade informou que, ap\u00f3s ter recebido 50% das doses previstas, distribuiu o quantitativo para 81 dos 144 munic\u00edpios do estado para que os postos fa\u00e7am a aplica\u00e7\u00e3o em todos os grupos de risco a partir de hoje. A expectativa \u00e9 que as demais doses sejam entregues at\u00e9 o dia 22 de abril, quando os 63 munic\u00edpios restantes que ainda n\u00e3o iniciaram a distribui\u00e7\u00e3o.<\/p>\n<p>Em Pernambuco, esta semana, ser\u00e3o imunizados apenas profissionais de sa\u00fade. Esta primeira etapa vai at\u00e9 sexta-feira (22). A partir do dia 25, a vacina\u00e7\u00e3o ser\u00e1 liberada para os demais grupos priorit\u00e1rios. At\u00e9 o momento, o estado recebeu 538.160 doses da vacina (24% do total).<\/p>\n<p>De acordo com o Minist\u00e9rio da Sa\u00fade, a vacina da gripe \u00e9 contraindicada para pessoas com alergia ao ovo ou a qualquer outro componente da f\u00f3rmula e para aqueles que apresentaram rea\u00e7\u00e3o anafil\u00e1tica em dose anterior. Em caso de doen\u00e7as agudas febris moderadas ou graves, \u00e9 recomendado adiar a vacina\u00e7\u00e3o at\u00e9 a resolu\u00e7\u00e3o do quadro.<\/p>\n<p>Paula Laboissi\u00e8re &#8211; Rep\u00f3rter da Ag\u00eancia Brasil<br \/>\nEdi\u00e7\u00e3o: Talita Cavalcante<br \/>\n19\/04\/2016<\/p>\n","protected":false},"excerpt":{"rendered":"<p>A vacina\u00e7\u00e3o contra a gripe come\u00e7ou no Distrito Federal e em pelo menos cinco estados \u2013 Esp\u00edrito Santo, Bahia, Goi\u00e1s, Par\u00e1 e Pernambuco. \u00c9 preciso ficar atento porque, em muitas localidades, apesar do an\u00fancio da antecipa\u00e7\u00e3o, nem todos os grupos de risco ser\u00e3o atendidos neste momento. A Campanha Nacional de Vacina\u00e7\u00e3o contra a Gripe, para [&hellip;]<\/p>\n","protected":false},"author":2,"featured_media":34747,"comment_status":"open","ping_status":"closed","sticky":false,"template":"","format":"standard","meta":{"tdm_status":"","tdm_grid_status":"","footnotes":""},"categories":[22,5],"tags":[],"class_list":{"0":"post-84589","1":"post","2":"type-post","3":"status-publish","4":"format-standard","5":"has-post-thumbnail","7":"category-brasil","8":"category-saude-e-vida"},"_links":{"self":[{"href":"https:\/\/migracao.redenoticia.com.br\/noticia\/wp-json\/wp\/v2\/posts\/84589","targetHints":{"allow":["GET"]}}],"collection":[{"href":"https:\/\/migracao.redenoticia.com.br\/noticia\/wp-json\/wp\/v2\/posts"}],"about":[{"href":"https:\/\/migracao.redenoticia.com.br\/noticia\/wp-json\/wp\/v2\/types\/post"}],"author":[{"embeddable":true,"href":"https:\/\/migracao.redenoticia.com.br\/noticia\/wp-json\/wp\/v2\/users\/2"}],"replies":[{"embeddable":true,"href":"https:\/\/migracao.redenoticia.com.br\/noticia\/wp-json\/wp\/v2\/comments?post=84589"}],"version-history":[{"count":0,"href":"https:\/\/migracao.redenoticia.com.br\/noticia\/wp-json\/wp\/v2\/posts\/84589\/revisions"}],"wp:featuredmedia":[{"embeddable":true,"href":"https:\/\/migracao.redenoticia.com.br\/noticia\/wp-json\/wp\/v2\/media\/34747"}],"wp:attachment":[{"href":"https:\/\/migracao.redenoticia.com.br\/noticia\/wp-json\/wp\/v2\/media?parent=84589"}],"wp:term":[{"taxonomy":"category","embeddable":true,"href":"https:\/\/migracao.redenoticia.com.br\/noticia\/wp-json\/wp\/v2\/categories?post=84589"},{"taxonomy":"post_tag","embeddable":true,"href":"https:\/\/migracao.redenoticia.com.br\/noticia\/wp-json\/wp\/v2\/tags?post=84589"}],"curies":[{"name":"wp","href":"https:\/\/api.w.org\/{rel}","templated":true}]}}