{"id":84591,"date":"2016-04-19T10:35:20","date_gmt":"2016-04-19T13:35:20","guid":{"rendered":"http:\/\/www.redenoticia.com.br\/noticia\/?p=84591"},"modified":"2016-04-18T16:50:22","modified_gmt":"2016-04-18T19:50:22","slug":"procura-por-credito-cai-04-em-marco-revela-pesquisa","status":"publish","type":"post","link":"https:\/\/migracao.redenoticia.com.br\/noticia\/2016\/procura-por-credito-cai-04-em-marco-revela-pesquisa\/84591","title":{"rendered":"Procura por cr\u00e9dito cai 0,4% em mar\u00e7o, revela pesquisa"},"content":{"rendered":"<p> A <strong><em>procura por cr\u00e9dito<\/em><\/strong> pelo consumidor caiu 0,4% em mar\u00e7o na compara\u00e7\u00e3o com mar\u00e7o de 2015, segundo indicador da empresa de consultoria Serasa Experian. Em rela\u00e7\u00e3o a fevereiro, a demanda avan\u00e7ou 8,4%.<\/p>\n<p>Economistas apontam que a eleva\u00e7\u00e3o do desemprego, a recess\u00e3o econ\u00f4mica, o n\u00edvel elevado das taxas de juros e o patamar deprimido dos n\u00edveis de confian\u00e7a do consumidor impedem um desempenho mais favor\u00e1vel da procura dos consumidores por cr\u00e9dito.<\/p>\n<p>Na an\u00e1lise por faixas de renda, o resultado de mar\u00e7o, na compara\u00e7\u00e3o com mar\u00e7o do ano passado, foi de queda de 5% entre os consumidores que ganham at\u00e9 R$ 500 mensais. Houve redu\u00e7\u00e3o de 1,3% para os que recebem entre R$ 500 e R$ 1 mil por m\u00eas.<\/p>\n<p>Aqueles com renda entre R$ 1 mil e R$ 2 mil reduziram, na mesma base de compara\u00e7\u00e3o, a demanda em 0,9% e houve retra\u00e7\u00e3o de 1,2% para a faixa de R$ 2 mil a R$ 5 mil. A redu\u00e7\u00e3o foi de 1,4% para os que recebem entre R$ 5 mil e R$ 10 mil e de 0,8% para aqueles que ganham mais de R$ 10 mil.<\/p>\n<p>Ainda quando se compara mar\u00e7o de 2016 com o mesmo m\u00eas em 2015, h\u00e1 uma queda na procura por cr\u00e9dito na regi\u00f5es Norte (-1,4%) e Nordeste (-7,5%). Houve alta no Centro-Oeste (4%), Sul (0,8%) e Sudeste (1,2%).<\/p>\n<p>Fernanda Cruz \u2013 Rep\u00f3rter da Ag\u00eancia Brasil<br \/>\nEdi\u00e7\u00e3o: Kleber Sampaio<br \/>\n19\/04\/2016<\/p>\n","protected":false},"excerpt":{"rendered":"<p>A procura por cr\u00e9dito pelo consumidor caiu 0,4% em mar\u00e7o na compara\u00e7\u00e3o com mar\u00e7o de 2015, segundo indicador da empresa de consultoria Serasa Experian. Em rela\u00e7\u00e3o a fevereiro, a demanda avan\u00e7ou 8,4%. Economistas apontam que a eleva\u00e7\u00e3o do desemprego, a recess\u00e3o econ\u00f4mica, o n\u00edvel elevado das taxas de juros e o patamar deprimido dos n\u00edveis [&hellip;]<\/p>\n","protected":false},"author":2,"featured_media":57583,"comment_status":"open","ping_status":"closed","sticky":false,"template":"","format":"standard","meta":{"tdm_status":"","tdm_grid_status":"","footnotes":""},"categories":[22,7],"tags":[],"class_list":{"0":"post-84591","1":"post","2":"type-post","3":"status-publish","4":"format-standard","5":"has-post-thumbnail","7":"category-brasil","8":"category-economia"},"_links":{"self":[{"href":"https:\/\/migracao.redenoticia.com.br\/noticia\/wp-json\/wp\/v2\/posts\/84591","targetHints":{"allow":["GET"]}}],"collection":[{"href":"https:\/\/migracao.redenoticia.com.br\/noticia\/wp-json\/wp\/v2\/posts"}],"about":[{"href":"https:\/\/migracao.redenoticia.com.br\/noticia\/wp-json\/wp\/v2\/types\/post"}],"author":[{"embeddable":true,"href":"https:\/\/migracao.redenoticia.com.br\/noticia\/wp-json\/wp\/v2\/users\/2"}],"replies":[{"embeddable":true,"href":"https:\/\/migracao.redenoticia.com.br\/noticia\/wp-json\/wp\/v2\/comments?post=84591"}],"version-history":[{"count":0,"href":"https:\/\/migracao.redenoticia.com.br\/noticia\/wp-json\/wp\/v2\/posts\/84591\/revisions"}],"wp:featuredmedia":[{"embeddable":true,"href":"https:\/\/migracao.redenoticia.com.br\/noticia\/wp-json\/wp\/v2\/media\/57583"}],"wp:attachment":[{"href":"https:\/\/migracao.redenoticia.com.br\/noticia\/wp-json\/wp\/v2\/media?parent=84591"}],"wp:term":[{"taxonomy":"category","embeddable":true,"href":"https:\/\/migracao.redenoticia.com.br\/noticia\/wp-json\/wp\/v2\/categories?post=84591"},{"taxonomy":"post_tag","embeddable":true,"href":"https:\/\/migracao.redenoticia.com.br\/noticia\/wp-json\/wp\/v2\/tags?post=84591"}],"curies":[{"name":"wp","href":"https:\/\/api.w.org\/{rel}","templated":true}]}}