{"id":84609,"date":"2016-04-18T19:03:01","date_gmt":"2016-04-18T22:03:01","guid":{"rendered":"http:\/\/www.redenoticia.com.br\/noticia\/?p=84609"},"modified":"2016-04-18T19:03:01","modified_gmt":"2016-04-18T22:03:01","slug":"novela-meu-coracao-e-teu-resumo-1904-isabela-adverte-ana","status":"publish","type":"post","link":"https:\/\/migracao.redenoticia.com.br\/noticia\/2016\/novela-meu-coracao-e-teu-resumo-1904-isabela-adverte-ana\/84609","title":{"rendered":"Novela \u201cMeu Cora\u00e7\u00e3o \u00e9 Teu\u201d resumo 19\/04: Isabela adverte Ana"},"content":{"rendered":"<p> <img loading=\"lazy\" decoding=\"async\" class=\"alignleft size-thumbnail wp-image-82119\" src=\"https:\/\/migracao.redenoticia.com.br\/noticia\/imagens\/meu_coracao_e_teu_novela_resumo_sbt-150x112.jpg\" alt=\"meu_coracao_e_teu_novela_resumo_sbt\" width=\"150\" height=\"112\" srcset=\"https:\/\/migracao.redenoticia.com.br\/noticia\/imagens\/meu_coracao_e_teu_novela_resumo_sbt-150x112.jpg 150w, https:\/\/migracao.redenoticia.com.br\/noticia\/imagens\/meu_coracao_e_teu_novela_resumo_sbt-265x198.jpg 265w\" sizes=\"auto, (max-width: 150px) 100vw, 150px\" \/><strong><em>Novela \u201cMeu Cora\u00e7\u00e3o \u00e9 Teu\u201d resumo 19\/04<\/em><\/strong>: Ana beija Fernando por engano e todos da casa presenciam. No dia seguinte, os g\u00eameos aprontam com Isabela. Ela reclama com Ana da sua falta de controle sobre as crian\u00e7as e avisa que a viu beijando o seu marido. Muito irritada, Isabela a adverte que n\u00e3o se aproxime mais de Fernando. Ana fica preocupada. <\/p>\n<p>No cap\u00edtulo 037 (*), novela \u201cMeu Cora\u00e7\u00e3o \u00e9 Teu\u201d, ter\u00e7a-feira, 19 de abril \u2013 Isabela adverte Ana que n\u00e3o se aproxime mais de seu marido. Henrique tenta impressionar Fanny. Leon fica feliz, pois encontra um trabalho. Nicolas pede a Nando que o ajude a comprar preservativos. Guille e Alex prometem a Ana que n\u00e3o voltar\u00e3o a fazer travessuras contra Isabela. <\/p>\n<p>Sebasti\u00e3o acusa Isabela de ser uma hip\u00f3crita. Nando fala com Diego sobre Helena e o confessa que far\u00e3o amor, e ser\u00e1 sua primeira vez. Ana fica emocionada ao ouvir os conselhos que Diego d\u00e1 a Nando. Diego garante a Nando que sexo \u00e9 importante, mas nunca mais importante que o amor. Alicia garante a Isabela que ela n\u00e3o a odeia. <\/p>\n<p>Nicolas confessa a Bruno que est\u00e1 nervoso porque logo estar\u00e1 intimamente com Jennifer. Fernando recorda como Estef\u00e2nia o pediu, antes de falecer, que ele se reconciliasse com seu irm\u00e3o. Bruno e Manuela pedem permiss\u00e3o a Fernando para sa\u00edrem juntos para jantar. Fanny avisa Fernando que sair\u00e1 tarde do trabalho, mas que Henrique a levar\u00e1 a sua casa.<\/p>\n<p>(*) edi\u00e7\u00e3o do SBT, Novela \u201cMeu Cora\u00e7\u00e3o \u00e9 Teu\u201d, sujeito a altera\u00e7\u00e3o de data e conte\u00fado.<\/p>\n","protected":false},"excerpt":{"rendered":"<p>Novela \u201cMeu Cora\u00e7\u00e3o \u00e9 Teu\u201d resumo 19\/04: Ana beija Fernando por engano e todos da casa presenciam. No dia seguinte, os g\u00eameos aprontam com Isabela. Ela reclama com Ana da sua falta de controle sobre as crian\u00e7as e avisa que a viu beijando o seu marido. Muito irritada, Isabela a adverte que n\u00e3o se aproxime [&hellip;]<\/p>\n","protected":false},"author":2,"featured_media":82119,"comment_status":"open","ping_status":"closed","sticky":false,"template":"","format":"standard","meta":{"tdm_status":"","tdm_grid_status":"","footnotes":""},"categories":[379,372,343],"tags":[441],"class_list":{"0":"post-84609","1":"post","2":"type-post","3":"status-publish","4":"format-standard","5":"has-post-thumbnail","7":"category-novelas","8":"category-sbt","9":"category-televisao","10":"tag-resumo-do-dia"},"_links":{"self":[{"href":"https:\/\/migracao.redenoticia.com.br\/noticia\/wp-json\/wp\/v2\/posts\/84609","targetHints":{"allow":["GET"]}}],"collection":[{"href":"https:\/\/migracao.redenoticia.com.br\/noticia\/wp-json\/wp\/v2\/posts"}],"about":[{"href":"https:\/\/migracao.redenoticia.com.br\/noticia\/wp-json\/wp\/v2\/types\/post"}],"author":[{"embeddable":true,"href":"https:\/\/migracao.redenoticia.com.br\/noticia\/wp-json\/wp\/v2\/users\/2"}],"replies":[{"embeddable":true,"href":"https:\/\/migracao.redenoticia.com.br\/noticia\/wp-json\/wp\/v2\/comments?post=84609"}],"version-history":[{"count":0,"href":"https:\/\/migracao.redenoticia.com.br\/noticia\/wp-json\/wp\/v2\/posts\/84609\/revisions"}],"wp:featuredmedia":[{"embeddable":true,"href":"https:\/\/migracao.redenoticia.com.br\/noticia\/wp-json\/wp\/v2\/media\/82119"}],"wp:attachment":[{"href":"https:\/\/migracao.redenoticia.com.br\/noticia\/wp-json\/wp\/v2\/media?parent=84609"}],"wp:term":[{"taxonomy":"category","embeddable":true,"href":"https:\/\/migracao.redenoticia.com.br\/noticia\/wp-json\/wp\/v2\/categories?post=84609"},{"taxonomy":"post_tag","embeddable":true,"href":"https:\/\/migracao.redenoticia.com.br\/noticia\/wp-json\/wp\/v2\/tags?post=84609"}],"curies":[{"name":"wp","href":"https:\/\/api.w.org\/{rel}","templated":true}]}}