{"id":84613,"date":"2016-04-18T19:35:37","date_gmt":"2016-04-18T22:35:37","guid":{"rendered":"http:\/\/www.redenoticia.com.br\/noticia\/?p=84613"},"modified":"2016-04-18T19:35:37","modified_gmt":"2016-04-18T22:35:37","slug":"novela-abismo-da-paixao-resumo-1904-florencia-entristece-elisa","status":"publish","type":"post","link":"https:\/\/migracao.redenoticia.com.br\/noticia\/2016\/novela-abismo-da-paixao-resumo-1904-florencia-entristece-elisa\/84613","title":{"rendered":"Novela \u201cAbismo da Paix\u00e3o\u201d resumo 19\/04: Flor\u00eancia entristece Elisa"},"content":{"rendered":"<p> <img loading=\"lazy\" decoding=\"async\" class=\"alignleft size-thumbnail wp-image-81978\" src=\"https:\/\/migracao.redenoticia.com.br\/noticia\/imagens\/abismo_de_paixao_sbt_resumo_novela-150x112.jpg\" alt=\"abismo_de_paixao_sbt_resumo_novela\" width=\"150\" height=\"112\" srcset=\"https:\/\/migracao.redenoticia.com.br\/noticia\/imagens\/abismo_de_paixao_sbt_resumo_novela-150x112.jpg 150w, https:\/\/migracao.redenoticia.com.br\/noticia\/imagens\/abismo_de_paixao_sbt_resumo_novela-265x198.jpg 265w\" sizes=\"auto, (max-width: 150px) 100vw, 150px\" \/><strong><em>Novela \u201cAbismo da Paix\u00e3o\u201d resumo 19\/04<\/em><\/strong>: Flor\u00eancia, a namorada de Dami\u00e3o, chega ao povoado e Elisa se entristece. Em conversa com Dolores, Elisa conta que Dami\u00e3o havia dito que estava completamente apaixonado por uma amiga de inf\u00e2ncia, e ela errou ao acreditar ser ela. Mais tarde, Dami\u00e3o procura Elisa para que ela explique porque foi embora de sua casa sem se despedir. Ela responde que se retirou por n\u00e3o querer ser inoportuna. Augusto adverte Dami\u00e3o que n\u00e3o quer mais que ele procure por Elisa. A jovem o repreende e diz a seu pai que n\u00e3o precisa ser grosseiro com Dami\u00e3o.<\/p>\n<p>No cap\u00edtulo 017 (*), novela \u201cAbismo da Paix\u00e3o\u201d, ter\u00e7a-feira, 19 de abril \u2013 Flor\u00eancia chega com tudo e entristece Elisa. Elisa diz a Dolores que Dami\u00e3o a havia dito que estava completamente apaixonado por uma amiga de inf\u00e2ncia, e ela erroneamente tinha acreditado ser ela, mais na verdade era Flor\u00eancia, com quem ele tinha amizade quando ia a capital. Almerinda diz a Flor\u00eancia que far\u00e1 uma grande festa para anunciar o compromisso entre ela e seu filho. <\/p>\n<p>Carmen tenta seduzir Augusto e ele a rejeita. Carmen o diz que ele ir\u00e1 se arrepender. Dami\u00e3o n\u00e3o consegue esconder a antipatia que sentiu pelo tio de Flor\u00eancia, ainda mais quando este tece um coment\u00e1rio dizendo que as garotas do povoado s\u00e3o muito oferecidas. Dami\u00e3o imediatamente diz que na verdade as garotas do povoado s\u00e3o t\u00e3o ou mais reservadas que as da capital. Dami\u00e3o procura Elisa para que ela o explique porque foi embora de sua casa sem se despedir. Elisa o responde que se retirou por n\u00e3o querer ser inoportuna. Augusto vai ver Dami\u00e3o e o adverte que n\u00e3o quer mais que ele procure por Elisa, pois do contr\u00e1rio, ir\u00e1 se arrepender. Elisa diz a seu pai que n\u00e3o precisava ser grosseiro com Dami\u00e3o, pois assim ele est\u00e1 se portando como Almerinda. <\/p>\n<p>Augusto insiste dizendo que se ela voltar a ver Dami\u00e3o, tomar\u00e1 medidas r\u00edgidas das quais n\u00e3o vai gostar. Ramiro conta a Almerinda sua vers\u00e3o do incidente que teve com Lucio, o qual Dami\u00e3o saiu em defesa do senhor. Almerinda diz que Dami\u00e3o \u00e9 um Arango, e tem todo o direito de ser a cabe\u00e7a da processadora. Gael e Elisa andam a cavalo e se encontram com Flor\u00eancia e Dami\u00e3o, que est\u00e3o caminhando. Dami\u00e3o pede que os leve at\u00e9 o povoado e diz a Gael que leve Flor\u00eancia, pois ele ir\u00e1 com Elisa. Gael n\u00e3o concorda e prop\u00f5e que Flor\u00eancia v\u00e1 com Elisa, e ele com o pr\u00f3prio Dami\u00e3o. Carmen vai queixar se com Edmundo que sua vida ao lado de Augusto \u00e9 um inferno, que ele a maltrata sempre e sem nenhum motivo. Edmundo e Carmen se beijam.<\/p>\n<p>(*) edi\u00e7\u00e3o do SBT, Novela \u201cAbismo da Paix\u00e3o\u201d, sujeito a altera\u00e7\u00e3o de data e conte\u00fado. <\/p>\n","protected":false},"excerpt":{"rendered":"<p>Novela \u201cAbismo da Paix\u00e3o\u201d resumo 19\/04: Flor\u00eancia, a namorada de Dami\u00e3o, chega ao povoado e Elisa se entristece. Em conversa com Dolores, Elisa conta que Dami\u00e3o havia dito que estava completamente apaixonado por uma amiga de inf\u00e2ncia, e ela errou ao acreditar ser ela. Mais tarde, Dami\u00e3o procura Elisa para que ela explique porque foi [&hellip;]<\/p>\n","protected":false},"author":2,"featured_media":81978,"comment_status":"open","ping_status":"closed","sticky":false,"template":"","format":"standard","meta":{"tdm_status":"","tdm_grid_status":"","footnotes":""},"categories":[379,372,343],"tags":[441],"class_list":{"0":"post-84613","1":"post","2":"type-post","3":"status-publish","4":"format-standard","5":"has-post-thumbnail","7":"category-novelas","8":"category-sbt","9":"category-televisao","10":"tag-resumo-do-dia"},"_links":{"self":[{"href":"https:\/\/migracao.redenoticia.com.br\/noticia\/wp-json\/wp\/v2\/posts\/84613","targetHints":{"allow":["GET"]}}],"collection":[{"href":"https:\/\/migracao.redenoticia.com.br\/noticia\/wp-json\/wp\/v2\/posts"}],"about":[{"href":"https:\/\/migracao.redenoticia.com.br\/noticia\/wp-json\/wp\/v2\/types\/post"}],"author":[{"embeddable":true,"href":"https:\/\/migracao.redenoticia.com.br\/noticia\/wp-json\/wp\/v2\/users\/2"}],"replies":[{"embeddable":true,"href":"https:\/\/migracao.redenoticia.com.br\/noticia\/wp-json\/wp\/v2\/comments?post=84613"}],"version-history":[{"count":0,"href":"https:\/\/migracao.redenoticia.com.br\/noticia\/wp-json\/wp\/v2\/posts\/84613\/revisions"}],"wp:featuredmedia":[{"embeddable":true,"href":"https:\/\/migracao.redenoticia.com.br\/noticia\/wp-json\/wp\/v2\/media\/81978"}],"wp:attachment":[{"href":"https:\/\/migracao.redenoticia.com.br\/noticia\/wp-json\/wp\/v2\/media?parent=84613"}],"wp:term":[{"taxonomy":"category","embeddable":true,"href":"https:\/\/migracao.redenoticia.com.br\/noticia\/wp-json\/wp\/v2\/categories?post=84613"},{"taxonomy":"post_tag","embeddable":true,"href":"https:\/\/migracao.redenoticia.com.br\/noticia\/wp-json\/wp\/v2\/tags?post=84613"}],"curies":[{"name":"wp","href":"https:\/\/api.w.org\/{rel}","templated":true}]}}