{"id":84617,"date":"2016-04-18T19:31:05","date_gmt":"2016-04-18T22:31:05","guid":{"rendered":"http:\/\/www.redenoticia.com.br\/noticia\/?p=84617"},"modified":"2016-04-18T19:31:05","modified_gmt":"2016-04-18T22:31:05","slug":"novela-cuidado-com-o-anjo-resumo-1904-rafael-e-o-novo-professor-de-malu","status":"publish","type":"post","link":"https:\/\/migracao.redenoticia.com.br\/noticia\/2016\/novela-cuidado-com-o-anjo-resumo-1904-rafael-e-o-novo-professor-de-malu\/84617","title":{"rendered":"Novela \u201cCuidado com o Anjo\u201d resumo 19\/04: Rafael \u00e9 o novo professor de Mal\u00fa"},"content":{"rendered":"<p> <img loading=\"lazy\" decoding=\"async\" class=\"alignleft size-thumbnail wp-image-82049\" src=\"https:\/\/migracao.redenoticia.com.br\/noticia\/imagens\/cuidado-com-o-anjo-novela-resumo-capitulo-sbt-episodio-150x112.jpg\" alt=\"cuidado com o anjo novela resumo capitulo sbt episodio\" width=\"150\" height=\"112\" srcset=\"https:\/\/migracao.redenoticia.com.br\/noticia\/imagens\/cuidado-com-o-anjo-novela-resumo-capitulo-sbt-episodio-150x112.jpg 150w, https:\/\/migracao.redenoticia.com.br\/noticia\/imagens\/cuidado-com-o-anjo-novela-resumo-capitulo-sbt-episodio-265x198.jpg 265w\" sizes=\"auto, (max-width: 150px) 100vw, 150px\" \/><strong><em>Novela \u201cCuidado com o Anjo\u201d resumo 19\/04<\/em><\/strong>: Rafael \u00e9 o novo professor de Mal\u00fa e vai ensin\u00e1-la a se comportar como uma pessoa cega. Ele explica que ela pode levar uma vida normal usando os quatro sentidos que lhe restam, e diz que pode fazer muito por ela. Mal\u00fa aprende a ler em braille. Enquanto isso, Jo\u00e3o Miguel termina seu curso em Boston e volta para casa de surpresa. Rosa e Of\u00e9lia garantem a Jo\u00e3o Miguel que Mal\u00fa n\u00e3o est\u00e1 se relacionando com ningu\u00e9m.<\/p>\n<p>No capitulo 102(*), novela \u201cCuidado com o Anjo\u201d, ter\u00e7a-feira, 19 de abril \u2013 Enciumado, Jo\u00e3o Miguel est\u00e1 convencido de que existe algo entre Mal\u00fa e Daniel. Ana J\u00falia d\u00e1 continuidade em seu plano e fala para ele que Mal\u00fa est\u00e1 cada vez mais dependente de Daniel e que em breve v\u00e3o se casar. Rafael \u00e9 o novo professor de Mal\u00fa e vai ensin\u00e1-la a se comportar como uma pessoa cega. <\/p>\n<p>Daniel continua tentando conquistar Rosa. Rafael explica a Mal\u00fa que ela pode levar uma vida normal usando os quatro sentidos que lhe restam e diz que pode fazer muito por ela. Jo\u00e3o Miguel termina seu curso em Boston. Mal\u00fa aprende a ler em braille. <\/p>\n<p>Jo\u00e3o Miguel volta para casa de surpresa e Ana J\u00falia est\u00e1 furiosa por n\u00e3o ter recebido nenhuma mensagem dele. Rosa e Of\u00e9lia garantem a Jo\u00e3o Miguel que Mal\u00fa n\u00e3o est\u00e1 se relacionando com ningu\u00e9m. Jo\u00e3o Miguel marca encontro com Ana J\u00falia com a inten\u00e7\u00e3o de ter not\u00edcias de Mal\u00fa.<\/p>\n<p>(*) edi\u00e7\u00e3o do SBT, Novela \u201cCuidado com o Anjo\u201d, sujeito a altera\u00e7\u00e3o de data e conte\u00fado.<\/p>\n","protected":false},"excerpt":{"rendered":"<p>Novela \u201cCuidado com o Anjo\u201d resumo 19\/04: Rafael \u00e9 o novo professor de Mal\u00fa e vai ensin\u00e1-la a se comportar como uma pessoa cega. Ele explica que ela pode levar uma vida normal usando os quatro sentidos que lhe restam, e diz que pode fazer muito por ela. Mal\u00fa aprende a ler em braille. Enquanto [&hellip;]<\/p>\n","protected":false},"author":2,"featured_media":82049,"comment_status":"open","ping_status":"closed","sticky":false,"template":"","format":"standard","meta":{"tdm_status":"","tdm_grid_status":"","footnotes":""},"categories":[379,372,343],"tags":[441],"class_list":{"0":"post-84617","1":"post","2":"type-post","3":"status-publish","4":"format-standard","5":"has-post-thumbnail","7":"category-novelas","8":"category-sbt","9":"category-televisao","10":"tag-resumo-do-dia"},"_links":{"self":[{"href":"https:\/\/migracao.redenoticia.com.br\/noticia\/wp-json\/wp\/v2\/posts\/84617","targetHints":{"allow":["GET"]}}],"collection":[{"href":"https:\/\/migracao.redenoticia.com.br\/noticia\/wp-json\/wp\/v2\/posts"}],"about":[{"href":"https:\/\/migracao.redenoticia.com.br\/noticia\/wp-json\/wp\/v2\/types\/post"}],"author":[{"embeddable":true,"href":"https:\/\/migracao.redenoticia.com.br\/noticia\/wp-json\/wp\/v2\/users\/2"}],"replies":[{"embeddable":true,"href":"https:\/\/migracao.redenoticia.com.br\/noticia\/wp-json\/wp\/v2\/comments?post=84617"}],"version-history":[{"count":0,"href":"https:\/\/migracao.redenoticia.com.br\/noticia\/wp-json\/wp\/v2\/posts\/84617\/revisions"}],"wp:featuredmedia":[{"embeddable":true,"href":"https:\/\/migracao.redenoticia.com.br\/noticia\/wp-json\/wp\/v2\/media\/82049"}],"wp:attachment":[{"href":"https:\/\/migracao.redenoticia.com.br\/noticia\/wp-json\/wp\/v2\/media?parent=84617"}],"wp:term":[{"taxonomy":"category","embeddable":true,"href":"https:\/\/migracao.redenoticia.com.br\/noticia\/wp-json\/wp\/v2\/categories?post=84617"},{"taxonomy":"post_tag","embeddable":true,"href":"https:\/\/migracao.redenoticia.com.br\/noticia\/wp-json\/wp\/v2\/tags?post=84617"}],"curies":[{"name":"wp","href":"https:\/\/api.w.org\/{rel}","templated":true}]}}