{"id":84622,"date":"2016-04-20T18:35:01","date_gmt":"2016-04-20T21:35:01","guid":{"rendered":"http:\/\/www.redenoticia.com.br\/noticia\/?p=84622"},"modified":"2016-04-20T18:35:01","modified_gmt":"2016-04-20T21:35:01","slug":"novela-liberdade-liberdade-resumo-2104-virginia-reconhece-joaquinarosa","status":"publish","type":"post","link":"https:\/\/migracao.redenoticia.com.br\/noticia\/2016\/novela-liberdade-liberdade-resumo-2104-virginia-reconhece-joaquinarosa\/84622","title":{"rendered":"Novela \u201cLiberdade, Liberdade\u201d resumo 21\/04: Virg\u00ednia reconhece Joaquina\/Rosa"},"content":{"rendered":"<p> <img loading=\"lazy\" decoding=\"async\" class=\"alignleft size-thumbnail wp-image-84052\" src=\"https:\/\/migracao.redenoticia.com.br\/noticia\/imagens\/novela_liberdade_globo_resumo-150x112.jpg\" alt=\"novela_liberdade_globo_resumo\" width=\"150\" height=\"112\" srcset=\"https:\/\/migracao.redenoticia.com.br\/noticia\/imagens\/novela_liberdade_globo_resumo-150x112.jpg 150w, https:\/\/migracao.redenoticia.com.br\/noticia\/imagens\/novela_liberdade_globo_resumo-265x198.jpg 265w\" sizes=\"auto, (max-width: 150px) 100vw, 150px\" \/><strong><em>Novela \u201cLiberdade, Liberdade\u201d resumo 21\/04:<\/em><\/strong> a not\u00edcia do desaparecimento de Joaquina\/Rosa deixa Rubi\u00e3o preocupado e ele decide procur\u00e1-la. Acompanhado por c\u00e3es, ele se embrenha no mato em busca da jovem, mas acaba sendo pego de surpresa por tiros que acertam um dos seus animais. Assustado, Rubi\u00e3o devolve os disparos at\u00e9 acabar a muni\u00e7\u00e3o. Mesmo sem arma de fogo, Rubi\u00e3o decide continuar a procura com a espada em punho. Enquanto isso, Joaquina\/Rosa rende Sim\u00e3o, consegue escapar e tamb\u00e9m est\u00e1 andando pela mata. De repente, um corpo pula em cima de Rubi\u00e3o e os dois rolam no ch\u00e3o at\u00e9 se reconhecerem. Ele a leva para a sua casa. Rubi\u00e3o fica fascinado enquanto observa Joaquina\/Rosa no banho. Anita sente ci\u00fames. Mais tarde, junto ao seu pai adotivo, Joaquina\/Rosa encontra com Virg\u00ednia e Raposo se incomoda com a troca de olhares entre as duas. Virg\u00ednia reconhece Joaquina\/Rosa.<\/p>\n<p>No capitulo 007 (*), novela \u201cLiberdade, Liberdade\u201d, quinta-feira, 21 de abril \u2013 Rubi\u00e3o e Bertoleza ajudam Joaquina\/Rosa. M\u00e3o de Luva desconfia de Sim\u00e3o. Raposo reconhece Ascen\u00e7\u00e3o. Rubi\u00e3o fica encantado com Joaquina\/Rosa e Anita sente ci\u00fames. <\/p>\n<p>Raposo rende Sim\u00e3o, que confessa que esteve com Joaquina\/Rosa, mas a mo\u00e7a conseguiu escapar. Matias aceita a proposta de Diogo Farto e Branca se desespera com o fim de seu noivado. Virg\u00ednia encontra Joaquina\/Rosa e Raposo se incomoda com a troca de olhares entre as duas. <\/p>\n<p>Virg\u00ednia reconhece Joaquina\/Rosa e Vidinha desconfia. Joaquina\/Rosa se penaliza com a pobreza de sua cidade. M\u00e3o de Luva decide vender a informa\u00e7\u00e3o de que a filha de Tiradentes est\u00e1 viva. Virg\u00ednia confronta Rubi\u00e3o.<\/p>\n<p>(*) edi\u00e7\u00e3o da Rede Globo, Novela \u201cLiberdade, Liberdade\u201d, sujeito a altera\u00e7\u00e3o de data e conte\u00fado. <\/p>\n","protected":false},"excerpt":{"rendered":"<p>Novela \u201cLiberdade, Liberdade\u201d resumo 21\/04: a not\u00edcia do desaparecimento de Joaquina\/Rosa deixa Rubi\u00e3o preocupado e ele decide procur\u00e1-la. Acompanhado por c\u00e3es, ele se embrenha no mato em busca da jovem, mas acaba sendo pego de surpresa por tiros que acertam um dos seus animais. Assustado, Rubi\u00e3o devolve os disparos at\u00e9 acabar a muni\u00e7\u00e3o. Mesmo sem [&hellip;]<\/p>\n","protected":false},"author":2,"featured_media":84052,"comment_status":"open","ping_status":"closed","sticky":false,"template":"","format":"standard","meta":{"tdm_status":"","tdm_grid_status":"","footnotes":""},"categories":[379,375,343],"tags":[441],"class_list":{"0":"post-84622","1":"post","2":"type-post","3":"status-publish","4":"format-standard","5":"has-post-thumbnail","7":"category-novelas","8":"category-rede-globo","9":"category-televisao","10":"tag-resumo-do-dia"},"_links":{"self":[{"href":"https:\/\/migracao.redenoticia.com.br\/noticia\/wp-json\/wp\/v2\/posts\/84622","targetHints":{"allow":["GET"]}}],"collection":[{"href":"https:\/\/migracao.redenoticia.com.br\/noticia\/wp-json\/wp\/v2\/posts"}],"about":[{"href":"https:\/\/migracao.redenoticia.com.br\/noticia\/wp-json\/wp\/v2\/types\/post"}],"author":[{"embeddable":true,"href":"https:\/\/migracao.redenoticia.com.br\/noticia\/wp-json\/wp\/v2\/users\/2"}],"replies":[{"embeddable":true,"href":"https:\/\/migracao.redenoticia.com.br\/noticia\/wp-json\/wp\/v2\/comments?post=84622"}],"version-history":[{"count":0,"href":"https:\/\/migracao.redenoticia.com.br\/noticia\/wp-json\/wp\/v2\/posts\/84622\/revisions"}],"wp:featuredmedia":[{"embeddable":true,"href":"https:\/\/migracao.redenoticia.com.br\/noticia\/wp-json\/wp\/v2\/media\/84052"}],"wp:attachment":[{"href":"https:\/\/migracao.redenoticia.com.br\/noticia\/wp-json\/wp\/v2\/media?parent=84622"}],"wp:term":[{"taxonomy":"category","embeddable":true,"href":"https:\/\/migracao.redenoticia.com.br\/noticia\/wp-json\/wp\/v2\/categories?post=84622"},{"taxonomy":"post_tag","embeddable":true,"href":"https:\/\/migracao.redenoticia.com.br\/noticia\/wp-json\/wp\/v2\/tags?post=84622"}],"curies":[{"name":"wp","href":"https:\/\/api.w.org\/{rel}","templated":true}]}}