{"id":84643,"date":"2016-04-19T15:21:45","date_gmt":"2016-04-19T18:21:45","guid":{"rendered":"http:\/\/www.redenoticia.com.br\/noticia\/?p=84643"},"modified":"2016-04-19T15:21:45","modified_gmt":"2016-04-19T18:21:45","slug":"novela-abismo-da-paixao-resumo-2004-paulo-assusta-elisa","status":"publish","type":"post","link":"https:\/\/migracao.redenoticia.com.br\/noticia\/2016\/novela-abismo-da-paixao-resumo-2004-paulo-assusta-elisa\/84643","title":{"rendered":"Novela \u201cAbismo da Paix\u00e3o\u201d resumo 20\/04: Paulo assusta Elisa"},"content":{"rendered":"<p> <img loading=\"lazy\" decoding=\"async\" class=\"alignleft size-thumbnail wp-image-81978\" src=\"https:\/\/migracao.redenoticia.com.br\/noticia\/imagens\/abismo_de_paixao_sbt_resumo_novela-150x112.jpg\" alt=\"abismo_de_paixao_sbt_resumo_novela\" width=\"150\" height=\"112\" srcset=\"https:\/\/migracao.redenoticia.com.br\/noticia\/imagens\/abismo_de_paixao_sbt_resumo_novela-150x112.jpg 150w, https:\/\/migracao.redenoticia.com.br\/noticia\/imagens\/abismo_de_paixao_sbt_resumo_novela-265x198.jpg 265w\" sizes=\"auto, (max-width: 150px) 100vw, 150px\" \/><strong><em>Novela \u201cAbismo da Paix\u00e3o\u201d resumo 20\/04<\/em><\/strong>: Paulo, o tio de Flor\u00eancia, encontra com Elisa e lhe faz um galanteio. Ele diz que, custe o que custar, Elisa ainda ser\u00e1 dele. Assustada, Elisa diz que nem sabe quem ele \u00e9, mas que certamente est\u00e1 louco. Paulo ent\u00e3o se desculpa e se apresenta. Elisa responde que n\u00e3o lhe interessa saber quem ele \u00e9. Elisa comenta com Ramona que Paulo acreditava que com umas poucas palavras bonitas a teria nas m\u00e3os. Ramona responde que a culpa \u00e9 dela, por ser t\u00e3o linda como sua m\u00e3e. Elisa pergunta se \u00e9 por isso que falam t\u00e3o mal de sua m\u00e3e. Ramona responde que ela n\u00e3o \u00e9 culpada de nada do que falam, mas cedo ou tarde a verdade vir\u00e1 \u00e0 tona.<\/p>\n<p>No cap\u00edtulo 018 (*), novela \u201cAbismo da Paix\u00e3o\u201d, quarta-feira, 20 de abril \u2013 Edmundo e Carmen se beijam. Ela se finge arrependida e sai correndo. Flor\u00eancia diz a Almerinda que a caminhonete em que vinha com Dami\u00e3o quebrou, ent\u00e3o eles vieram com Elisa e Gael a cavalo. Augusto recrimina Gael por n\u00e3o estar fazendo corretamente seu trabalho. Gael responde que est\u00e1 fazendo o que pode para ajud\u00e1-lo a n\u00e3o afundar ainda mais. Gael diz que ele precisa deixar de lado o orgulho e aceitar cultivar as terras de Elisa. Eles discutem e Augusto diz a Gael que se ele n\u00e3o est\u00e1 satisfeito deve procurar outro trabalho. Gael responde que levar\u00e1 em considera\u00e7\u00e3o essas palavras. <\/p>\n<p>Flor\u00eancia pede a Sabrina que a conte sobre os amigos de Dami\u00e3o, principalmente sobre Elisa. Sabrina conta tudo, inclusive que Elisa e Dami\u00e3o eram \u201cnamorados\u201d e chegaram at\u00e9 a fugirem juntos na inf\u00e2ncia. Dami\u00e3o ouve a conversa e pede a Sabrina que respeite Elisa. Ele diz que eles nunca foram namorados, at\u00e9 porque eram apenas crian\u00e7as, e s\u00f3 fugiram juntos porque tinham problemas com suas respectivas fam\u00edlias. Paulo diz a Elisa que, custe o que custar, ela ainda ser\u00e1 dele. Elisa, assustada, diz que nem sabe quem ele \u00e9, mas que certamente est\u00e1 louco. Paulo ent\u00e3o se desculpa e se apresenta a ela. Elisa responde que n\u00e3o a interessa quem ele \u00e9, apenas quer que a deixe em paz. Elisa diz a Ramona que Paulo acreditava que com umas poucas palavras bonitas a teria nas m\u00e3os. Ramona responde que a culpa \u00e9 dela, por ser t\u00e3o linda como sua m\u00e3e. Elisa pergunta se \u00e9 por isso que falam t\u00e3o mal de sua m\u00e3e. <\/p>\n<p>Ramona responde que ela n\u00e3o \u00e9 culpada de nada do que falam, mas cedo ou tarde a verdade vir\u00e1 \u00e0 tona. Dami\u00e3o convida Gael a sua festa de compromisso com Flor\u00eancia e diz que n\u00e3o entende porque ele o trata t\u00e3o mal, j\u00e1 que cresceram juntos e eram os melhores amigos. Gael agradece o convite, mas diz a Dami\u00e3o que a Almerinda n\u00e3o agradaria sua presen\u00e7a. Gael fala das cartas nunca respondidas e Dami\u00e3o garante que nunca as recebeu. Eles ent\u00e3o se abra\u00e7am com carinho. Augusto expulsa Elisa de sua casa. Dami\u00e3o a encontra chorando e pede que confie nele. Elisa o abra\u00e7a, chorando, e diz que est\u00e1 cansada de sofrer, e isso vem desde que sua m\u00e3e morreu. Flor\u00eancia, furiosa, presencia a cena de Dami\u00e3o e Elisa abra\u00e7ados.  <\/p>\n<p>(*) edi\u00e7\u00e3o do SBT, Novela \u201cAbismo da Paix\u00e3o\u201d, sujeito a altera\u00e7\u00e3o de data e conte\u00fado.<\/p>\n","protected":false},"excerpt":{"rendered":"<p>Novela \u201cAbismo da Paix\u00e3o\u201d resumo 20\/04: Paulo, o tio de Flor\u00eancia, encontra com Elisa e lhe faz um galanteio. Ele diz que, custe o que custar, Elisa ainda ser\u00e1 dele. Assustada, Elisa diz que nem sabe quem ele \u00e9, mas que certamente est\u00e1 louco. Paulo ent\u00e3o se desculpa e se apresenta. Elisa responde que n\u00e3o [&hellip;]<\/p>\n","protected":false},"author":2,"featured_media":81978,"comment_status":"open","ping_status":"closed","sticky":false,"template":"","format":"standard","meta":{"tdm_status":"","tdm_grid_status":"","footnotes":""},"categories":[379,372,343],"tags":[441],"class_list":{"0":"post-84643","1":"post","2":"type-post","3":"status-publish","4":"format-standard","5":"has-post-thumbnail","7":"category-novelas","8":"category-sbt","9":"category-televisao","10":"tag-resumo-do-dia"},"_links":{"self":[{"href":"https:\/\/migracao.redenoticia.com.br\/noticia\/wp-json\/wp\/v2\/posts\/84643","targetHints":{"allow":["GET"]}}],"collection":[{"href":"https:\/\/migracao.redenoticia.com.br\/noticia\/wp-json\/wp\/v2\/posts"}],"about":[{"href":"https:\/\/migracao.redenoticia.com.br\/noticia\/wp-json\/wp\/v2\/types\/post"}],"author":[{"embeddable":true,"href":"https:\/\/migracao.redenoticia.com.br\/noticia\/wp-json\/wp\/v2\/users\/2"}],"replies":[{"embeddable":true,"href":"https:\/\/migracao.redenoticia.com.br\/noticia\/wp-json\/wp\/v2\/comments?post=84643"}],"version-history":[{"count":0,"href":"https:\/\/migracao.redenoticia.com.br\/noticia\/wp-json\/wp\/v2\/posts\/84643\/revisions"}],"wp:featuredmedia":[{"embeddable":true,"href":"https:\/\/migracao.redenoticia.com.br\/noticia\/wp-json\/wp\/v2\/media\/81978"}],"wp:attachment":[{"href":"https:\/\/migracao.redenoticia.com.br\/noticia\/wp-json\/wp\/v2\/media?parent=84643"}],"wp:term":[{"taxonomy":"category","embeddable":true,"href":"https:\/\/migracao.redenoticia.com.br\/noticia\/wp-json\/wp\/v2\/categories?post=84643"},{"taxonomy":"post_tag","embeddable":true,"href":"https:\/\/migracao.redenoticia.com.br\/noticia\/wp-json\/wp\/v2\/tags?post=84643"}],"curies":[{"name":"wp","href":"https:\/\/api.w.org\/{rel}","templated":true}]}}