{"id":84649,"date":"2016-04-19T19:29:01","date_gmt":"2016-04-19T22:29:01","guid":{"rendered":"http:\/\/www.redenoticia.com.br\/noticia\/?p=84649"},"modified":"2016-04-19T15:30:09","modified_gmt":"2016-04-19T18:30:09","slug":"novela-sila-resumo-2004-boran-comemora-aniversario-de-sila","status":"publish","type":"post","link":"https:\/\/migracao.redenoticia.com.br\/noticia\/2016\/novela-sila-resumo-2004-boran-comemora-aniversario-de-sila\/84649","title":{"rendered":"Novela \u201cSila\u201d resumo 20\/04: Boran comemora anivers\u00e1rio de Sila"},"content":{"rendered":"<p> <img loading=\"lazy\" decoding=\"async\" src=\"https:\/\/migracao.redenoticia.com.br\/noticia\/imagens\/sila_band_novela_resumo_capitulo-150x112.jpg\" alt=\"sila_band_novela_resumo_capitulo\" width=\"150\" height=\"112\" class=\"alignleft size-thumbnail wp-image-83098\" srcset=\"https:\/\/migracao.redenoticia.com.br\/noticia\/imagens\/sila_band_novela_resumo_capitulo-150x112.jpg 150w, https:\/\/migracao.redenoticia.com.br\/noticia\/imagens\/sila_band_novela_resumo_capitulo-265x198.jpg 265w\" sizes=\"auto, (max-width: 150px) 100vw, 150px\" \/><strong><em> Novela \u201cSila\u201d resumo 20\/04<\/em><\/strong>: ap\u00f3s uma revela\u00e7\u00e3o do primo de Boran, os jornalistas de Istambul procuram por Sila em Mardin. Boran est\u00e1 cada dia mais apaixonado por sua esposa e lhe agradece o que ela disse sobre ele aos jornalistas. Logo depois, chega o dia do anivers\u00e1rio de Sila. Boran aproveita para organizar um jantar rom\u00e2ntico para sua amada. Nessa ocasi\u00e3o, ele diz tudo o que sente por ela.<\/p>\n<p>No capitulo 020 (*), novela \u201cSila\u201d, quarta-feira, 20 de abril \u2013 Emre planeja a fuga de Sila. A imprensa de Istambul come\u00e7a a investigar o caso de Sila e jornalistas viajam para Mardin. Azad conta ao pai que pretende fugir com Sila e Narin.<\/p>\n<p> Jornalistas encontram a casa de Sila. Sila conhece Lucine, irm\u00e3 de Abay. Jornalistas entrevistam Boran e questionam o casamento dele com Sila. <\/p>\n<p> Emre liga para Sila e pede que ela assista ao notici\u00e1rio na TV, que fala sobre o caso. Boran fica furioso quando percebe que Sila est\u00e1 falando com Emre. Jornalistas tamb\u00e9m encontram a casa de Bedar e Celil, e gravam entrevista com eles. <\/p>\n<p>(*) edi\u00e7\u00e3o da Band, Novela \u201cSila\u201d, sujeito a altera\u00e7\u00e3o de data e conte\u00fado.<\/p>\n","protected":false},"excerpt":{"rendered":"<p>Novela \u201cSila\u201d resumo 20\/04: ap\u00f3s uma revela\u00e7\u00e3o do primo de Boran, os jornalistas de Istambul procuram por Sila em Mardin. Boran est\u00e1 cada dia mais apaixonado por sua esposa e lhe agradece o que ela disse sobre ele aos jornalistas. Logo depois, chega o dia do anivers\u00e1rio de Sila. Boran aproveita para organizar um jantar [&hellip;]<\/p>\n","protected":false},"author":2,"featured_media":83098,"comment_status":"open","ping_status":"closed","sticky":false,"template":"","format":"standard","meta":{"tdm_status":"","tdm_grid_status":"","footnotes":""},"categories":[390,379,343],"tags":[441],"class_list":{"0":"post-84649","1":"post","2":"type-post","3":"status-publish","4":"format-standard","5":"has-post-thumbnail","7":"category-band","8":"category-novelas","9":"category-televisao","10":"tag-resumo-do-dia"},"_links":{"self":[{"href":"https:\/\/migracao.redenoticia.com.br\/noticia\/wp-json\/wp\/v2\/posts\/84649","targetHints":{"allow":["GET"]}}],"collection":[{"href":"https:\/\/migracao.redenoticia.com.br\/noticia\/wp-json\/wp\/v2\/posts"}],"about":[{"href":"https:\/\/migracao.redenoticia.com.br\/noticia\/wp-json\/wp\/v2\/types\/post"}],"author":[{"embeddable":true,"href":"https:\/\/migracao.redenoticia.com.br\/noticia\/wp-json\/wp\/v2\/users\/2"}],"replies":[{"embeddable":true,"href":"https:\/\/migracao.redenoticia.com.br\/noticia\/wp-json\/wp\/v2\/comments?post=84649"}],"version-history":[{"count":0,"href":"https:\/\/migracao.redenoticia.com.br\/noticia\/wp-json\/wp\/v2\/posts\/84649\/revisions"}],"wp:featuredmedia":[{"embeddable":true,"href":"https:\/\/migracao.redenoticia.com.br\/noticia\/wp-json\/wp\/v2\/media\/83098"}],"wp:attachment":[{"href":"https:\/\/migracao.redenoticia.com.br\/noticia\/wp-json\/wp\/v2\/media?parent=84649"}],"wp:term":[{"taxonomy":"category","embeddable":true,"href":"https:\/\/migracao.redenoticia.com.br\/noticia\/wp-json\/wp\/v2\/categories?post=84649"},{"taxonomy":"post_tag","embeddable":true,"href":"https:\/\/migracao.redenoticia.com.br\/noticia\/wp-json\/wp\/v2\/tags?post=84649"}],"curies":[{"name":"wp","href":"https:\/\/api.w.org\/{rel}","templated":true}]}}