{"id":84683,"date":"2016-04-20T10:28:09","date_gmt":"2016-04-20T13:28:09","guid":{"rendered":"http:\/\/www.redenoticia.com.br\/noticia\/?p=84683"},"modified":"2016-04-19T19:30:44","modified_gmt":"2016-04-19T22:30:44","slug":"etec-cepam-oferece-cursos-de-gestao-de-projetos-e-praticas-em-midias-sociais","status":"publish","type":"post","link":"https:\/\/migracao.redenoticia.com.br\/noticia\/2016\/etec-cepam-oferece-cursos-de-gestao-de-projetos-e-praticas-em-midias-sociais\/84683","title":{"rendered":"Etec Cepam oferece cursos de Gest\u00e3o de Projetos e Pr\u00e1ticas em M\u00eddias Sociais"},"content":{"rendered":"<p> A Escola T\u00e9cnica Estadual (Etec) Cepam, localizada no Butant\u00e3, zona oeste da Capital, est\u00e1 com inscri\u00e7\u00f5es abertas para os <strong><em>cursos de Gest\u00e3o de Projetos Sociais e Pr\u00e1ticas de M\u00eddias Sociais<\/em><\/strong>. Os interessados em participar do processo seletivo devem se inscrever at\u00e9 sexta-feira (22) pela .<\/p>\n<p>Ser\u00e3o disponibilizadas 25 vagas para cada um dos cursos, que fazem parte da modalidade de Forma\u00e7\u00e3o Inicial e Continuada do Centro Paula Souza. A taxa de inscri\u00e7\u00e3o \u00e9 de R$ 30. O exame para sele\u00e7\u00e3o dos candidatos ser\u00e1 no dia 30 de abril, s\u00e1bado, \u00e0s 9h.<\/p>\n<p>As aulas dos dois cursos ter\u00e3o in\u00edcio no m\u00eas de maio. Com dura\u00e7\u00e3o de oito meses, o curso de Gest\u00e3o de Projetos Sociais ser\u00e1 ministrado \u00e0s ter\u00e7as e quintas feiras, no per\u00edodo da noite, e aos s\u00e1bados, das 9h \u00e0s 15h.<\/p>\n<p>J\u00e1 o curso de Pr\u00e1ticas em M\u00eddias Sociais, com foco no setor p\u00fablico e terceiro setor, ter\u00e1 aulas nas segundas, quartas e sextas-feiras, no per\u00edodo da tarde, entre maio e junho.<br \/>\n para informa\u00e7\u00f5es sobre documenta\u00e7\u00e3o e pr\u00e9-requisitos para concorrer no processo seletivo.<\/p>\n<p>Do Portal do Governo do Estado SP<\/p>\n","protected":false},"excerpt":{"rendered":"<p>A Escola T\u00e9cnica Estadual (Etec) Cepam, localizada no Butant\u00e3, zona oeste da Capital, est\u00e1 com inscri\u00e7\u00f5es abertas para os cursos de Gest\u00e3o de Projetos Sociais e Pr\u00e1ticas de M\u00eddias Sociais. Os interessados em participar do processo seletivo devem se inscrever at\u00e9 sexta-feira (22) pela . Ser\u00e3o disponibilizadas 25 vagas para cada um dos cursos, que [&hellip;]<\/p>\n","protected":false},"author":2,"featured_media":36241,"comment_status":"open","ping_status":"closed","sticky":false,"template":"","format":"standard","meta":{"tdm_status":"","tdm_grid_status":"","footnotes":""},"categories":[22,351,370],"tags":[],"class_list":{"0":"post-84683","1":"post","2":"type-post","3":"status-publish","4":"format-standard","5":"has-post-thumbnail","7":"category-brasil","8":"category-cursos","9":"category-inscricao"},"_links":{"self":[{"href":"https:\/\/migracao.redenoticia.com.br\/noticia\/wp-json\/wp\/v2\/posts\/84683","targetHints":{"allow":["GET"]}}],"collection":[{"href":"https:\/\/migracao.redenoticia.com.br\/noticia\/wp-json\/wp\/v2\/posts"}],"about":[{"href":"https:\/\/migracao.redenoticia.com.br\/noticia\/wp-json\/wp\/v2\/types\/post"}],"author":[{"embeddable":true,"href":"https:\/\/migracao.redenoticia.com.br\/noticia\/wp-json\/wp\/v2\/users\/2"}],"replies":[{"embeddable":true,"href":"https:\/\/migracao.redenoticia.com.br\/noticia\/wp-json\/wp\/v2\/comments?post=84683"}],"version-history":[{"count":0,"href":"https:\/\/migracao.redenoticia.com.br\/noticia\/wp-json\/wp\/v2\/posts\/84683\/revisions"}],"wp:featuredmedia":[{"embeddable":true,"href":"https:\/\/migracao.redenoticia.com.br\/noticia\/wp-json\/wp\/v2\/media\/36241"}],"wp:attachment":[{"href":"https:\/\/migracao.redenoticia.com.br\/noticia\/wp-json\/wp\/v2\/media?parent=84683"}],"wp:term":[{"taxonomy":"category","embeddable":true,"href":"https:\/\/migracao.redenoticia.com.br\/noticia\/wp-json\/wp\/v2\/categories?post=84683"},{"taxonomy":"post_tag","embeddable":true,"href":"https:\/\/migracao.redenoticia.com.br\/noticia\/wp-json\/wp\/v2\/tags?post=84683"}],"curies":[{"name":"wp","href":"https:\/\/api.w.org\/{rel}","templated":true}]}}