{"id":84685,"date":"2016-04-20T10:30:48","date_gmt":"2016-04-20T13:30:48","guid":{"rendered":"http:\/\/www.redenoticia.com.br\/noticia\/?p=84685"},"modified":"2016-04-19T19:32:10","modified_gmt":"2016-04-19T22:32:10","slug":"unicef-ouve-maes-de-bebes-com-microcefalia-para-elaborar-politicas-de-apoio","status":"publish","type":"post","link":"https:\/\/migracao.redenoticia.com.br\/noticia\/2016\/unicef-ouve-maes-de-bebes-com-microcefalia-para-elaborar-politicas-de-apoio\/84685","title":{"rendered":"Unicef ouve m\u00e3es de beb\u00eas com microcefalia para elaborar pol\u00edticas de apoio"},"content":{"rendered":"<p> Falta de atendimento, de organiza\u00e7\u00e3o, de apoio no trabalho. Os problemas enfrentados pelas fam\u00edlias de beb\u00eas diagnosticados com <strong><em>microcefalia<\/em><\/strong> s\u00e3o muitos e agora est\u00e3o sendo investigados por organiza\u00e7\u00f5es ligadas \u00e0s Na\u00e7\u00f5es Unidas em uma roda de di\u00e1logo com m\u00e3es, pais, profissionais de sa\u00fade e gestores, no Recife.<\/p>\n<p>A atividade \u00e9 organizada pelo Fundo das Na\u00e7\u00f5es Unidas para a Inf\u00e2ncia (Unicef) e ter\u00e1 como resultado um relat\u00f3rio com recomenda\u00e7\u00f5es elaborado pelos participantes. Durante o encontro, pais, enfermeiros, secret\u00e1rios de Sa\u00fade e pesquisadores deram testemunhos sobre os desafios no atendimento aos beb\u00eas que nasceram com a malforma\u00e7\u00e3o.<\/p>\n<p>A especialista em programas do Unicef, Tati Andrade, disse que as institui\u00e7\u00f5es que cuidam das crian\u00e7as com microcefalia precisam se integrar para que as fam\u00edlias n\u00e3o tenham que fazer grandes deslocamentos para fazer exames, consultas e terapias. \u201cFicou evidente a necessidade de articular melhor o trabalho entre as organiza\u00e7\u00f5es para otimizar o trabalho. Esse trabalho tem sido muito grande, \u00e1rduo, com bons resultados, Mas, principalmente para poupar as fam\u00edlias de idas a v\u00e1rias organiza\u00e7\u00f5es diferentes, \u00e9 preciso uma melhor articula\u00e7\u00e3o.\u201d<\/p>\n<p>A representante do Unicef reconhece que o aumento expressivo da demanda, por causa da rela\u00e7\u00e3o da microcefalia com o v\u00edrus Zika \u2013 que aumentou o n\u00famero de nascidos com a malforma\u00e7\u00e3o \u2013 exigiu resposta r\u00e1pida dos servi\u00e7os de sa\u00fade. No entanto, segundo Tati Andrade, a\u00e7\u00f5es simples, como o envio de exames feitos em uma institui\u00e7\u00e3o para a outra onde o beb\u00ea faz terapia, j\u00e1 ajuda as fam\u00edlias a poupar tempo.<\/p>\n<p>Aten\u00e7\u00e3o \u00e0 fam\u00edlia<\/p>\n<p>Outro ponto levantado durante o encontro \u00e9 o atendimento mais humano \u00e0s crian\u00e7as e aos pais. \u201cPor mais que o atendimento seja bom do ponto de vista profissional, em alguns servi\u00e7os existe a necessidade de melhorar a humaniza\u00e7\u00e3o do atendimento\u201d, acrescentou a especialista do Unicef.<\/p>\n<p>Al\u00e9m da preocupa\u00e7\u00e3o e cuidados com os beb\u00eas, a sa\u00fade mental e os direitos das m\u00e3es tamb\u00e9m foram lembrados durante a atividade. \u201cTodas as a\u00e7\u00f5es e propostas de pol\u00edticas p\u00fabicas precisam ter a mulher como seu sujeito, e n\u00e3o objeto. Por mais que seja relevante tratar da crian\u00e7a e exterminar o vetor, n\u00e3o se pode esquecer que a mulher tem que estar no centro disso no sentido de garantir seus direitos sexuais reprodutivos, autonomia econ\u00f4mica e social\u201d, disse a consultora regional da ONU Mulheres, Linda Goulart.<\/p>\n<p>Segundo Liana, compartilhar o tempo de cuidado da crian\u00e7a com o pai \u00e9 fundamental, assim como os trabalhos dom\u00e9sticos. \u201cOuvimos muito das m\u00e3es que o tratamento da crian\u00e7a toma todo o tempo dela, de segunda a sexta, e quando ela chega \u00e0 noite tem que cuidar da casa, dos outros filhos e at\u00e9 do marido\u201d. Para que a divis\u00e3o de tarefas no cuidado com os beb\u00eas com microcefalia seja justa tamb\u00e9m \u00e9 necess\u00e1ria a colabora\u00e7\u00e3o dos empregadores, que muitas vezes n\u00e3o liberam as m\u00e3es do trabalho sequer para levar o filho em uma consulta importante.<\/p>\n<p>Uma das institui\u00e7\u00f5es ouvidas pelo Unicef foi a Funda\u00e7\u00e3o Altino Ventura (FAV), refer\u00eancia no tratamento dos beb\u00eas com defici\u00eancia visual decorrente do v\u00edrus Zika, transmitido pelo mosquito Aedes aegypti<\/p>\n<p>Atendimento adequado<\/p>\n<p>A presidente da FAV, Liana Ventura, diz que uma das dificuldades para o desenvolvimento dos beb\u00eas com microcefalia \u00e9 a demora no in\u00edcio do acompanhamento especializado.<\/p>\n<p>\u201cO que estamos comunicando \u00e0 Secretaria de Sa\u00fade \u00e9 que tem crian\u00e7as que est\u00e3o perdendo as janelas importantes do tempo de neuroplasticidade [capacidade de adapta\u00e7\u00e3o do sistema nervoso], que n\u00e3o est\u00e3o em nenhum servi\u00e7o fazendo reabilita\u00e7\u00e3o. Elas j\u00e1 est\u00e3o com oito meses, nove meses, e n\u00f3s sabemos que o desenvolvimento visual principal ocorre nos primeiros tr\u00eas meses a cinco meses de vida. \u00c9 muito importante juntar esfor\u00e7os para que os setores envolvidos possam dar oportunidade a esses beb\u00eas uma maior qualidade de vida\u201d, alerta.<\/p>\n<p>A organiza\u00e7\u00e3o diagnosticou 256 beb\u00eas com problemas visuais, mas s\u00f3 p\u00f4de receber 130 em seu programa de interven\u00e7\u00e3o precoce e reabilita\u00e7\u00e3o. \u201cN\u00f3s temos espa\u00e7o f\u00edsico, e com a ajuda da sociedade temos condi\u00e7\u00f5es de ampliar nossa capacidade. Precisamos de recursos humanos\u201d, disse Liana Ventura.<\/p>\n<p>Al\u00e9m de Pernambuco, tamb\u00e9m houve grupo de conversa sobre a microcefalia no Cear\u00e1. Entre as propostas que surgiram at\u00e9 agora das reuni\u00f5es est\u00e1 a realiza\u00e7\u00e3o de um curso de f\u00e9rias em universidades para capacitar estudantes da \u00e1rea de Sa\u00fade a lidar com o tema. Segundo a especialista do Unicef, capacitar profissionais j\u00e1 formados tamb\u00e9m \u00e9 um desafio. \u201cTem gente que tinha visto um ou dois casos de microcefalia na carreira, e agora precisam lidar com isso de forma rotineira\u201d, comparou.<\/p>\n<p>Sumaia Villela \u2013 Correspondente da Ag\u00eancia Brasil<br \/>\nEdi\u00e7\u00e3o: Luana Louren\u00e7o<br \/>\n20\/04\/2016<\/p>\n","protected":false},"excerpt":{"rendered":"<p>Falta de atendimento, de organiza\u00e7\u00e3o, de apoio no trabalho. Os problemas enfrentados pelas fam\u00edlias de beb\u00eas diagnosticados com microcefalia s\u00e3o muitos e agora est\u00e3o sendo investigados por organiza\u00e7\u00f5es ligadas \u00e0s Na\u00e7\u00f5es Unidas em uma roda de di\u00e1logo com m\u00e3es, pais, profissionais de sa\u00fade e gestores, no Recife. A atividade \u00e9 organizada pelo Fundo das Na\u00e7\u00f5es [&hellip;]<\/p>\n","protected":false},"author":2,"featured_media":37376,"comment_status":"open","ping_status":"closed","sticky":false,"template":"","format":"standard","meta":{"tdm_status":"","tdm_grid_status":"","footnotes":""},"categories":[22,5],"tags":[],"class_list":{"0":"post-84685","1":"post","2":"type-post","3":"status-publish","4":"format-standard","5":"has-post-thumbnail","7":"category-brasil","8":"category-saude-e-vida"},"_links":{"self":[{"href":"https:\/\/migracao.redenoticia.com.br\/noticia\/wp-json\/wp\/v2\/posts\/84685","targetHints":{"allow":["GET"]}}],"collection":[{"href":"https:\/\/migracao.redenoticia.com.br\/noticia\/wp-json\/wp\/v2\/posts"}],"about":[{"href":"https:\/\/migracao.redenoticia.com.br\/noticia\/wp-json\/wp\/v2\/types\/post"}],"author":[{"embeddable":true,"href":"https:\/\/migracao.redenoticia.com.br\/noticia\/wp-json\/wp\/v2\/users\/2"}],"replies":[{"embeddable":true,"href":"https:\/\/migracao.redenoticia.com.br\/noticia\/wp-json\/wp\/v2\/comments?post=84685"}],"version-history":[{"count":0,"href":"https:\/\/migracao.redenoticia.com.br\/noticia\/wp-json\/wp\/v2\/posts\/84685\/revisions"}],"wp:featuredmedia":[{"embeddable":true,"href":"https:\/\/migracao.redenoticia.com.br\/noticia\/wp-json\/wp\/v2\/media\/37376"}],"wp:attachment":[{"href":"https:\/\/migracao.redenoticia.com.br\/noticia\/wp-json\/wp\/v2\/media?parent=84685"}],"wp:term":[{"taxonomy":"category","embeddable":true,"href":"https:\/\/migracao.redenoticia.com.br\/noticia\/wp-json\/wp\/v2\/categories?post=84685"},{"taxonomy":"post_tag","embeddable":true,"href":"https:\/\/migracao.redenoticia.com.br\/noticia\/wp-json\/wp\/v2\/tags?post=84685"}],"curies":[{"name":"wp","href":"https:\/\/api.w.org\/{rel}","templated":true}]}}