{"id":84703,"date":"2016-04-20T19:42:24","date_gmt":"2016-04-20T22:42:24","guid":{"rendered":"http:\/\/www.redenoticia.com.br\/noticia\/?p=84703"},"modified":"2016-04-21T22:17:11","modified_gmt":"2016-04-22T01:17:11","slug":"novela-sila-resumo-2104-sila-foge-para-istambul","status":"publish","type":"post","link":"https:\/\/migracao.redenoticia.com.br\/noticia\/2016\/novela-sila-resumo-2104-sila-foge-para-istambul\/84703","title":{"rendered":"Novela \u201cSila\u201d resumo 21\/04: Sila foge para Istambul"},"content":{"rendered":"<p> <img loading=\"lazy\" decoding=\"async\" src=\"https:\/\/migracao.redenoticia.com.br\/noticia\/imagens\/sila_band_novela_resumo_capitulo-150x112.jpg\" alt=\"sila_band_novela_resumo_capitulo\" width=\"150\" height=\"112\" class=\"alignleft size-thumbnail wp-image-83098\" srcset=\"https:\/\/migracao.redenoticia.com.br\/noticia\/imagens\/sila_band_novela_resumo_capitulo-150x112.jpg 150w, https:\/\/migracao.redenoticia.com.br\/noticia\/imagens\/sila_band_novela_resumo_capitulo-265x198.jpg 265w\" sizes=\"auto, (max-width: 150px) 100vw, 150px\" \/><strong><em> Novela \u201cSila\u201d resumo 21\/04<\/em><\/strong>: Emre conta a Sila que seu tio Burjan lhe processou para ficar com os direitos da empresa e ela se sente pressionada a fugir. Enquanto isso, Boran d\u00e1 um lindo cavalo a Sila, que apelidou com seu nome. A protagonista se sente mal e n\u00e3o aceita, pois sabe que deve fugir com Narin e Azad. Boran percebe que est\u00e1 apaixonado por Sila, por isso decide se desfazer de todas as coisas de sua ex-esposa para finalmente esquec\u00ea-la. Boran joga as coisas da ex-mulher do penhasco enquanto Sila foge de avi\u00e3o.<\/p>\n<p>No capitulo 021 (*), novela \u201cSila\u201d, quinta-feira, 21 de abril \u2013 Boran e o pai discutem sobre as tradi\u00e7\u00f5es do cl\u00e3. Sila enfrenta Boran, pois discorda de todas as regras. Emre planeja a fuga de Sila e a busca. Narin n\u00e3o concorda com a fuga e faz Azad desistir no caminho para o aeroporto. Sila desiste da fuga para poupar a vida de seu irm\u00e3o.Emre fica chateado.<\/p>\n<p> Hussein rouba Boran para se casar com Ayse, mas ela descobre. Sila \u00e9 processada pelo tio, que deseja tomar conta de toda a heran\u00e7a dela. <\/p>\n<p>Boran presenteia Sila com um cavalo, mas ela se prepara para fugir com Narin e Azad. Boran joga as coisas da ex-mulher do penhasco enquanto Sila foge de avi\u00e3o.<\/p>\n<p>(*) edi\u00e7\u00e3o da Band, Novela \u201cSila\u201d, sujeito a altera\u00e7\u00e3o de data e conte\u00fado.<\/p>\n","protected":false},"excerpt":{"rendered":"<p>Novela \u201cSila\u201d resumo 21\/04: Emre conta a Sila que seu tio Burjan lhe processou para ficar com os direitos da empresa e ela se sente pressionada a fugir. Enquanto isso, Boran d\u00e1 um lindo cavalo a Sila, que apelidou com seu nome. A protagonista se sente mal e n\u00e3o aceita, pois sabe que deve fugir [&hellip;]<\/p>\n","protected":false},"author":2,"featured_media":83098,"comment_status":"open","ping_status":"closed","sticky":false,"template":"","format":"standard","meta":{"tdm_status":"","tdm_grid_status":"","footnotes":""},"categories":[390,379,343],"tags":[441],"class_list":{"0":"post-84703","1":"post","2":"type-post","3":"status-publish","4":"format-standard","5":"has-post-thumbnail","7":"category-band","8":"category-novelas","9":"category-televisao","10":"tag-resumo-do-dia"},"_links":{"self":[{"href":"https:\/\/migracao.redenoticia.com.br\/noticia\/wp-json\/wp\/v2\/posts\/84703","targetHints":{"allow":["GET"]}}],"collection":[{"href":"https:\/\/migracao.redenoticia.com.br\/noticia\/wp-json\/wp\/v2\/posts"}],"about":[{"href":"https:\/\/migracao.redenoticia.com.br\/noticia\/wp-json\/wp\/v2\/types\/post"}],"author":[{"embeddable":true,"href":"https:\/\/migracao.redenoticia.com.br\/noticia\/wp-json\/wp\/v2\/users\/2"}],"replies":[{"embeddable":true,"href":"https:\/\/migracao.redenoticia.com.br\/noticia\/wp-json\/wp\/v2\/comments?post=84703"}],"version-history":[{"count":0,"href":"https:\/\/migracao.redenoticia.com.br\/noticia\/wp-json\/wp\/v2\/posts\/84703\/revisions"}],"wp:featuredmedia":[{"embeddable":true,"href":"https:\/\/migracao.redenoticia.com.br\/noticia\/wp-json\/wp\/v2\/media\/83098"}],"wp:attachment":[{"href":"https:\/\/migracao.redenoticia.com.br\/noticia\/wp-json\/wp\/v2\/media?parent=84703"}],"wp:term":[{"taxonomy":"category","embeddable":true,"href":"https:\/\/migracao.redenoticia.com.br\/noticia\/wp-json\/wp\/v2\/categories?post=84703"},{"taxonomy":"post_tag","embeddable":true,"href":"https:\/\/migracao.redenoticia.com.br\/noticia\/wp-json\/wp\/v2\/tags?post=84703"}],"curies":[{"name":"wp","href":"https:\/\/api.w.org\/{rel}","templated":true}]}}