{"id":84736,"date":"2016-04-20T17:56:39","date_gmt":"2016-04-20T20:56:39","guid":{"rendered":"http:\/\/www.redenoticia.com.br\/noticia\/?p=84736"},"modified":"2016-04-20T17:56:39","modified_gmt":"2016-04-20T20:56:39","slug":"novela-meu-coracao-e-teu-resumo-2104-fernando-recebe-criticas-na-empresa","status":"publish","type":"post","link":"https:\/\/migracao.redenoticia.com.br\/noticia\/2016\/novela-meu-coracao-e-teu-resumo-2104-fernando-recebe-criticas-na-empresa\/84736","title":{"rendered":"Novela \u201cMeu Cora\u00e7\u00e3o \u00e9 Teu\u201d resumo 21\/04: Fernando recebe cr\u00edticas na Empresa"},"content":{"rendered":"<p> <img loading=\"lazy\" decoding=\"async\" src=\"https:\/\/migracao.redenoticia.com.br\/noticia\/imagens\/meu_coracao_e_teu_novela_resumo_sbt-150x112.jpg\" alt=\"meu_coracao_e_teu_novela_resumo_sbt\" width=\"150\" height=\"112\" class=\"alignleft size-thumbnail wp-image-82119\" srcset=\"https:\/\/migracao.redenoticia.com.br\/noticia\/imagens\/meu_coracao_e_teu_novela_resumo_sbt-150x112.jpg 150w, https:\/\/migracao.redenoticia.com.br\/noticia\/imagens\/meu_coracao_e_teu_novela_resumo_sbt-265x198.jpg 265w\" sizes=\"auto, (max-width: 150px) 100vw, 150px\" \/><strong><em>Novela \u201cMeu Cora\u00e7\u00e3o \u00e9 Teu\u201d resumo 21\/04<\/em><\/strong>: Henrique assume a vice-presid\u00eancia da empresa com segundas inten\u00e7\u00f5es. Isso fica comprovado quando ele liga para seu pai e diz que seus planos de arruinar Fernando andam de vento em popa. Na reuni\u00e3o de acionistas, um grupo discute sobre um projeto no litoral e, como presidente, Fernando fica em maus len\u00e7\u00f3is. Eles afirmam que perderam muito dinheiro e talvez seja melhor tir\u00e1-lo da presid\u00eancia. Mais tarde, Linda Olalde se re\u00fane com Henrique e, juntos, planejam algo para arruin\u00e1-lo. <\/p>\n<p>No cap\u00edtulo 039 (*), novela \u201cMeu Cora\u00e7\u00e3o \u00e9 Teu\u201d, quinta-feira, 21 de abril \u2013 Nicolas continua cogitando a possibilidade de adotar uma crian\u00e7a, mas todas as pessoas a quem busca o dizem que ele \u00e9 velho pra isso. Isso o leva a acreditar que talvez n\u00e3o possa privar Jennifer de ser m\u00e3e. Isabela fica furiosa quando descobre que o cart\u00e3o de cr\u00e9dito que Fernando lhe deu tem um limite para gastos. Finalmente Bruno \u00e9 detido e levado para uma cela, de onde se comunica com Nicolas, que se apressa em pagar a fian\u00e7a do amigo. Jo\u00e3o segue procurando um produtor de TV, com o qual tinha um compromisso, mas acaba entrando num est\u00fadio onde est\u00e3o gravando um programa de crimes. Ao ver um homem ca\u00eddo no ch\u00e3o e um outro sendo amea\u00e7ado, Jo\u00e3o se prop\u00f5e a defende-lo, e os atores ficam zangados. <\/p>\n<p>Uma produtora fica zangada por Johnny ter arru\u00ednado a cena. Um grupo de acionistas discute sobre um projeto no litoral, e como presidente, Fernando fica em maus len\u00e7\u00f3is quando eles afirmam que perderam muito dinheiro por ele n\u00e3o arriscar, e por isso talvez seja melhor tir\u00e1-lo de seu cargo de presidente. Linda Olalde faz Fernando parecer ridiculo em frente aos acionistas, mas nem assim consegue fazer com que Fernando perca seu cargo. Mais tarde, ela se re\u00fane com Henrique e juntos planejam algo para arruin\u00e1-lo. Linda promete a Henrique que o dar\u00e1 a presid\u00eancia, caso consigam derrubar Fernando. Ana diz a Johnny que est\u00e1 sem dinheiro, e por isso ela mesma quem fez o vestido de Alicia, e fez um sacrificio enorme para lhe comprar sapatos e uma bela tiara. Isabela leva Alicia para comprar todo o necess\u00e1rio para sua festa de quinze anos, e diferentemente de Ana, leva a garota a lojas muito elegantes. <\/p>\n<p>Ana informa as crian\u00e7as que a partir daquela data n\u00e3o dormir\u00e1 mais na mans\u00e3o e as explica como elas far\u00e3o para chegar no col\u00e9gio a tempo. Leon n\u00e3o aceita a ajuda de Fanny, que o diz que poderia convencer o pai lhe dar outra oportunidade na empresa. Fernando, muito triste, se lembra de momentos felizes que passou com Ana, especialmente de seus beijos. Yolanda rasga os cadernos dos g\u00eameos, justo onde eles fizeram as tarefas. Na escola, a professora cobra os g\u00eameos pela tarefa, e ao saber que eles n\u00e3o a t\u00eam, d\u00e1 nota zero. Diego faz uma serenata para Ana e pergunta, atrav\u00e9s de fogos de artif\u00edcio, se ela aceita ser sua namorada. Ana diz que sim.   <\/p>\n<p>(*) edi\u00e7\u00e3o do SBT, Novela \u201cMeu Cora\u00e7\u00e3o \u00e9 Teu\u201d, sujeito a altera\u00e7\u00e3o de data e conte\u00fado. <\/p>\n","protected":false},"excerpt":{"rendered":"<p>Novela \u201cMeu Cora\u00e7\u00e3o \u00e9 Teu\u201d resumo 21\/04: Henrique assume a vice-presid\u00eancia da empresa com segundas inten\u00e7\u00f5es. Isso fica comprovado quando ele liga para seu pai e diz que seus planos de arruinar Fernando andam de vento em popa. Na reuni\u00e3o de acionistas, um grupo discute sobre um projeto no litoral e, como presidente, Fernando fica [&hellip;]<\/p>\n","protected":false},"author":2,"featured_media":82119,"comment_status":"open","ping_status":"closed","sticky":false,"template":"","format":"standard","meta":{"tdm_status":"","tdm_grid_status":"","footnotes":""},"categories":[379,372,343],"tags":[441],"class_list":{"0":"post-84736","1":"post","2":"type-post","3":"status-publish","4":"format-standard","5":"has-post-thumbnail","7":"category-novelas","8":"category-sbt","9":"category-televisao","10":"tag-resumo-do-dia"},"_links":{"self":[{"href":"https:\/\/migracao.redenoticia.com.br\/noticia\/wp-json\/wp\/v2\/posts\/84736","targetHints":{"allow":["GET"]}}],"collection":[{"href":"https:\/\/migracao.redenoticia.com.br\/noticia\/wp-json\/wp\/v2\/posts"}],"about":[{"href":"https:\/\/migracao.redenoticia.com.br\/noticia\/wp-json\/wp\/v2\/types\/post"}],"author":[{"embeddable":true,"href":"https:\/\/migracao.redenoticia.com.br\/noticia\/wp-json\/wp\/v2\/users\/2"}],"replies":[{"embeddable":true,"href":"https:\/\/migracao.redenoticia.com.br\/noticia\/wp-json\/wp\/v2\/comments?post=84736"}],"version-history":[{"count":0,"href":"https:\/\/migracao.redenoticia.com.br\/noticia\/wp-json\/wp\/v2\/posts\/84736\/revisions"}],"wp:featuredmedia":[{"embeddable":true,"href":"https:\/\/migracao.redenoticia.com.br\/noticia\/wp-json\/wp\/v2\/media\/82119"}],"wp:attachment":[{"href":"https:\/\/migracao.redenoticia.com.br\/noticia\/wp-json\/wp\/v2\/media?parent=84736"}],"wp:term":[{"taxonomy":"category","embeddable":true,"href":"https:\/\/migracao.redenoticia.com.br\/noticia\/wp-json\/wp\/v2\/categories?post=84736"},{"taxonomy":"post_tag","embeddable":true,"href":"https:\/\/migracao.redenoticia.com.br\/noticia\/wp-json\/wp\/v2\/tags?post=84736"}],"curies":[{"name":"wp","href":"https:\/\/api.w.org\/{rel}","templated":true}]}}