{"id":84744,"date":"2016-04-20T18:27:34","date_gmt":"2016-04-20T21:27:34","guid":{"rendered":"http:\/\/www.redenoticia.com.br\/noticia\/?p=84744"},"modified":"2016-04-20T18:27:34","modified_gmt":"2016-04-20T21:27:34","slug":"novela-totalmente-demais-resumo-2104-arthur-se-decepciona-com-eliza","status":"publish","type":"post","link":"https:\/\/migracao.redenoticia.com.br\/noticia\/2016\/novela-totalmente-demais-resumo-2104-arthur-se-decepciona-com-eliza\/84744","title":{"rendered":"Novela \u201cTotalmente Demais\u201d resumo 21\/04: Arthur se decepciona com Eliza"},"content":{"rendered":"<p> <strong><em><img loading=\"lazy\" decoding=\"async\" class=\"alignleft size-thumbnail wp-image-76581\" src=\"https:\/\/migracao.redenoticia.com.br\/noticia\/imagens\/totalmente_demais_novela_resumo_globo-150x112.jpg\" alt=\"totalmente_demais_novela_resumo_globo\" width=\"150\" height=\"112\" srcset=\"https:\/\/migracao.redenoticia.com.br\/noticia\/imagens\/totalmente_demais_novela_resumo_globo-150x112.jpg 150w, https:\/\/migracao.redenoticia.com.br\/noticia\/imagens\/totalmente_demais_novela_resumo_globo-265x198.jpg 265w\" sizes=\"auto, (max-width: 150px) 100vw, 150px\" \/>Novela \u201cTotalmente Demais\u201d resumo 21\/04<\/em><\/strong>: Eliza est\u00e1 no Uruguai com Carolina e Rafael para fazer um editorial da Bastille. Com saudade de sua amada, Arthur liga e diz que reservou uma passagem para Montevid\u00e9u, e que deve chegar no dia seguinte, na parte da manh\u00e3. Feliz, Eliza conta para Carolina e Rafael que Arthur chega no dia seguinte. Carolina v\u00ea a\u00ed sua oportunidade de vingan\u00e7a e incentiva Rafael a adulterar a bebida da modelo. Depois de beberem, Rafael e Eliza dormem na mesma cama. Carol tira foto deles, insinuando que est\u00e3o juntos. Ao chegar no hotel, Arthur se decepciona quando v\u00ea Eliza dormindo ao lado de Rafael.<\/p>\n<p>No capitulo 142 (*), novela \u201cTotalmente Demais\u201d, quinta-feira, 21 de abril \u2013 Sofia avisa a Jacar\u00e9 que n\u00e3o ir\u00e1 embora antes de se livrar de Eliza. Sofia pede ao namorado que venda as joias roubadas do cofre e providencie seus passaportes falsos. <\/p>\n<p>Carolina incentiva Rafael a adulterar a bebida de Eliza. Carolina tira fotos de Rafael e Eliza, insinuando que os dois est\u00e3o juntos. <\/p>\n<p>Arthur se revolta ao entrar no quarto de hotel de Eliza e v\u00ea-la dormindo ao lado de Rafael.   <\/p>\n<p>(*) edi\u00e7\u00e3o da Rede Globo, Novela \u201cTotalmente Demais\u201d, sujeito a altera\u00e7\u00e3o de data e conte\u00fado.<\/p>\n","protected":false},"excerpt":{"rendered":"<p>Novela \u201cTotalmente Demais\u201d resumo 21\/04: Eliza est\u00e1 no Uruguai com Carolina e Rafael para fazer um editorial da Bastille. Com saudade de sua amada, Arthur liga e diz que reservou uma passagem para Montevid\u00e9u, e que deve chegar no dia seguinte, na parte da manh\u00e3. Feliz, Eliza conta para Carolina e Rafael que Arthur chega [&hellip;]<\/p>\n","protected":false},"author":2,"featured_media":77335,"comment_status":"open","ping_status":"closed","sticky":false,"template":"","format":"standard","meta":{"tdm_status":"","tdm_grid_status":"","footnotes":""},"categories":[379,375,343],"tags":[441],"class_list":{"0":"post-84744","1":"post","2":"type-post","3":"status-publish","4":"format-standard","5":"has-post-thumbnail","7":"category-novelas","8":"category-rede-globo","9":"category-televisao","10":"tag-resumo-do-dia"},"_links":{"self":[{"href":"https:\/\/migracao.redenoticia.com.br\/noticia\/wp-json\/wp\/v2\/posts\/84744","targetHints":{"allow":["GET"]}}],"collection":[{"href":"https:\/\/migracao.redenoticia.com.br\/noticia\/wp-json\/wp\/v2\/posts"}],"about":[{"href":"https:\/\/migracao.redenoticia.com.br\/noticia\/wp-json\/wp\/v2\/types\/post"}],"author":[{"embeddable":true,"href":"https:\/\/migracao.redenoticia.com.br\/noticia\/wp-json\/wp\/v2\/users\/2"}],"replies":[{"embeddable":true,"href":"https:\/\/migracao.redenoticia.com.br\/noticia\/wp-json\/wp\/v2\/comments?post=84744"}],"version-history":[{"count":0,"href":"https:\/\/migracao.redenoticia.com.br\/noticia\/wp-json\/wp\/v2\/posts\/84744\/revisions"}],"wp:featuredmedia":[{"embeddable":true,"href":"https:\/\/migracao.redenoticia.com.br\/noticia\/wp-json\/wp\/v2\/media\/77335"}],"wp:attachment":[{"href":"https:\/\/migracao.redenoticia.com.br\/noticia\/wp-json\/wp\/v2\/media?parent=84744"}],"wp:term":[{"taxonomy":"category","embeddable":true,"href":"https:\/\/migracao.redenoticia.com.br\/noticia\/wp-json\/wp\/v2\/categories?post=84744"},{"taxonomy":"post_tag","embeddable":true,"href":"https:\/\/migracao.redenoticia.com.br\/noticia\/wp-json\/wp\/v2\/tags?post=84744"}],"curies":[{"name":"wp","href":"https:\/\/api.w.org\/{rel}","templated":true}]}}