{"id":84746,"date":"2016-04-20T18:31:15","date_gmt":"2016-04-20T21:31:15","guid":{"rendered":"http:\/\/www.redenoticia.com.br\/noticia\/?p=84746"},"modified":"2016-04-20T18:31:15","modified_gmt":"2016-04-20T21:31:15","slug":"novela-velho-chico-resumo-2104-afranio-ameaca-encarnacao","status":"publish","type":"post","link":"https:\/\/migracao.redenoticia.com.br\/noticia\/2016\/novela-velho-chico-resumo-2104-afranio-ameaca-encarnacao\/84746","title":{"rendered":"Novela \u201cVelho Chico\u201d resumo 21\/04: Afr\u00e2nio amea\u00e7a Encarna\u00e7\u00e3o"},"content":{"rendered":"<p> <img loading=\"lazy\" decoding=\"async\" class=\"alignleft size-thumbnail wp-image-82169\" src=\"https:\/\/migracao.redenoticia.com.br\/noticia\/imagens\/velho_chico_novela_resumo_globo-150x112.jpg\" alt=\"velho_chico_novela_resumo_globo\" width=\"150\" height=\"112\" srcset=\"https:\/\/migracao.redenoticia.com.br\/noticia\/imagens\/velho_chico_novela_resumo_globo-150x112.jpg 150w, https:\/\/migracao.redenoticia.com.br\/noticia\/imagens\/velho_chico_novela_resumo_globo-265x198.jpg 265w\" sizes=\"auto, (max-width: 150px) 100vw, 150px\" \/><strong><em>Novela \u201cVelho Chico\u201d resumo 21\/04<\/em><\/strong>: Encarna\u00e7\u00e3o deixa claro para Iolanda que Miguel n\u00e3o \u00e9 um S\u00e1 Ribeiro leg\u00edtimo, e promete contar tudo o que sabe sobre a paternidade do menino. Desesperada, Iolanda conta para Afr\u00e2nio e depois liga para Tereza. Ela alerta os dois sobre o que ouviu. Tereza acredita que a av\u00f3 est\u00e1 maluca e que n\u00e3o vai falar nada. Iolanda aconselha Teresa a contar a verdade ao filho. Tereza diz que n\u00e3o tem coragem e que n\u00e3o seria justo com Carlos Eduardo. Nervoso, Afr\u00e2nio procura a m\u00e3e e a amea\u00e7a. Ele diz que sabe todos os segredos dela e que, se ela abrir a boca para falar qualquer coisa sobre Miguel, ele n\u00e3o vai ficar mais em sil\u00eancio.<\/p>\n<p>No capitulo 034 (*), novela \u201cVelho Chico\u201d, quinta-feira, 21 de abril \u2013 Iolanda aconselha Tereza a contar a verdade para Miguel. Carlos Eduardo afirma a Tereza que convencer\u00e1 Miguel a desistir de voltar para a fazenda. Afr\u00e2nio amea\u00e7a Encarna\u00e7\u00e3o. Miguel pensa em levar novas ideias para o neg\u00f3cio do av\u00f4. <\/p>\n<p>Ol\u00edvia tenta convencer Santo a cultivar frutas sem o uso de agrot\u00f3xicos. Santo pede que Bento o ajude na fazenda enquanto assume a cooperativa. Ceci diz a Beatriz que Bento \u00e9 um homem bom. Encarna\u00e7\u00e3o revela a Padre Rom\u00e3o que acredita que Martim seja o verdadeiro herdeiro de seu patrim\u00f4nio. <\/p>\n<p>Doninha se preocupa com a miss\u00e3o dada por Afr\u00e2nio a C\u00edcero. Lucas se declara para Ol\u00edvia. Dalva anuncia que Encarna\u00e7\u00e3o desapareceu. <\/p>\n<p>(*) edi\u00e7\u00e3o da Rede Globo, Novela \u201cVelho Chico\u201d, sujeito a altera\u00e7\u00e3o de data e conte\u00fado.<\/p>\n","protected":false},"excerpt":{"rendered":"<p>Novela \u201cVelho Chico\u201d resumo 21\/04: Encarna\u00e7\u00e3o deixa claro para Iolanda que Miguel n\u00e3o \u00e9 um S\u00e1 Ribeiro leg\u00edtimo, e promete contar tudo o que sabe sobre a paternidade do menino. Desesperada, Iolanda conta para Afr\u00e2nio e depois liga para Tereza. Ela alerta os dois sobre o que ouviu. Tereza acredita que a av\u00f3 est\u00e1 maluca [&hellip;]<\/p>\n","protected":false},"author":2,"featured_media":84125,"comment_status":"open","ping_status":"closed","sticky":false,"template":"","format":"standard","meta":{"tdm_status":"","tdm_grid_status":"","footnotes":""},"categories":[379,375,343],"tags":[441],"class_list":{"0":"post-84746","1":"post","2":"type-post","3":"status-publish","4":"format-standard","5":"has-post-thumbnail","7":"category-novelas","8":"category-rede-globo","9":"category-televisao","10":"tag-resumo-do-dia"},"_links":{"self":[{"href":"https:\/\/migracao.redenoticia.com.br\/noticia\/wp-json\/wp\/v2\/posts\/84746","targetHints":{"allow":["GET"]}}],"collection":[{"href":"https:\/\/migracao.redenoticia.com.br\/noticia\/wp-json\/wp\/v2\/posts"}],"about":[{"href":"https:\/\/migracao.redenoticia.com.br\/noticia\/wp-json\/wp\/v2\/types\/post"}],"author":[{"embeddable":true,"href":"https:\/\/migracao.redenoticia.com.br\/noticia\/wp-json\/wp\/v2\/users\/2"}],"replies":[{"embeddable":true,"href":"https:\/\/migracao.redenoticia.com.br\/noticia\/wp-json\/wp\/v2\/comments?post=84746"}],"version-history":[{"count":0,"href":"https:\/\/migracao.redenoticia.com.br\/noticia\/wp-json\/wp\/v2\/posts\/84746\/revisions"}],"wp:featuredmedia":[{"embeddable":true,"href":"https:\/\/migracao.redenoticia.com.br\/noticia\/wp-json\/wp\/v2\/media\/84125"}],"wp:attachment":[{"href":"https:\/\/migracao.redenoticia.com.br\/noticia\/wp-json\/wp\/v2\/media?parent=84746"}],"wp:term":[{"taxonomy":"category","embeddable":true,"href":"https:\/\/migracao.redenoticia.com.br\/noticia\/wp-json\/wp\/v2\/categories?post=84746"},{"taxonomy":"post_tag","embeddable":true,"href":"https:\/\/migracao.redenoticia.com.br\/noticia\/wp-json\/wp\/v2\/tags?post=84746"}],"curies":[{"name":"wp","href":"https:\/\/api.w.org\/{rel}","templated":true}]}}