{"id":84752,"date":"2016-04-22T18:29:04","date_gmt":"2016-04-22T21:29:04","guid":{"rendered":"http:\/\/www.redenoticia.com.br\/noticia\/?p=84752"},"modified":"2016-04-22T18:29:04","modified_gmt":"2016-04-22T21:29:04","slug":"novela-velho-chico-resumo-2304-miguel-discorda-de-carlos-eduardo","status":"publish","type":"post","link":"https:\/\/migracao.redenoticia.com.br\/noticia\/2016\/novela-velho-chico-resumo-2304-miguel-discorda-de-carlos-eduardo\/84752","title":{"rendered":"Novela \u201cVelho Chico\u201d resumo 23\/04: Miguel discorda de Carlos Eduardo"},"content":{"rendered":"<p> <img loading=\"lazy\" decoding=\"async\" class=\"alignleft size-thumbnail wp-image-82169\" src=\"https:\/\/migracao.redenoticia.com.br\/noticia\/imagens\/velho_chico_novela_resumo_globo-150x112.jpg\" alt=\"velho_chico_novela_resumo_globo\" width=\"150\" height=\"112\" srcset=\"https:\/\/migracao.redenoticia.com.br\/noticia\/imagens\/velho_chico_novela_resumo_globo-150x112.jpg 150w, https:\/\/migracao.redenoticia.com.br\/noticia\/imagens\/velho_chico_novela_resumo_globo-265x198.jpg 265w\" sizes=\"auto, (max-width: 150px) 100vw, 150px\" \/><strong><em>Novela \u201cVelho Chico\u201d resumo 23\/04<\/em><\/strong>: Miguel voltou da Fran\u00e7a e n\u00e3o v\u00ea a hora de ir para a fazenda do av\u00f4 para colocar em pr\u00e1tica tudo que estudou. Carlos Eduardo est\u00e1 em Bras\u00edlia e pede para que Tereza enrole Miguel para que ele fique mais uns dias em Salvador. Quando encontra com o filho, Carlos Eduardo diz que conseguiu uma indica\u00e7\u00e3o pol\u00edtica para ele. Miguel reafirma o seu desejo de trabalhar nas terras de sua fam\u00edlia e que n\u00e3o vai deixar de lutar pelos seus sonhos. Carlos Eduardo desabafa com Tereza e confessa que teme perder ela e o filho Miguel.<\/p>\n<p>No capitulo 036 (*), novela \u201cVelho Chico\u201d, s\u00e1bado, 23 de abril \u2013 Padre Rom\u00e3o e Bento insistem para que Lucas preste depoimento na delegacia. Ol\u00edvia conta a Isabel que Lucas a beijou. <\/p>\n<p>Ol\u00edvia revela a Santo que a cooperativa foi invadida. Carlos Eduardo consegue uma indica\u00e7\u00e3o pol\u00edtica para Miguel, que reafirma ao pai seu desejo de trabalhar nas terras de sua fam\u00edlia. Bento tranquiliza Ol\u00edvia sobre o estado de Lucas. Santo enfrenta o delegado da cidade. <\/p>\n<p>Carlos Eduardo desabafa com Tereza e confessa que teme perder a esposa e o filho Miguel. Santo decide ir atr\u00e1s dos bandidos que atearam fogo \u00e0 cooperativa. <\/p>\n<p>(*) edi\u00e7\u00e3o da Rede Globo, Novela \u201cVelho Chico\u201d, sujeito a altera\u00e7\u00e3o de data e conte\u00fado. <\/p>\n","protected":false},"excerpt":{"rendered":"<p>Novela \u201cVelho Chico\u201d resumo 23\/04: Miguel voltou da Fran\u00e7a e n\u00e3o v\u00ea a hora de ir para a fazenda do av\u00f4 para colocar em pr\u00e1tica tudo que estudou. Carlos Eduardo est\u00e1 em Bras\u00edlia e pede para que Tereza enrole Miguel para que ele fique mais uns dias em Salvador. Quando encontra com o filho, Carlos [&hellip;]<\/p>\n","protected":false},"author":2,"featured_media":82169,"comment_status":"open","ping_status":"closed","sticky":false,"template":"","format":"standard","meta":{"tdm_status":"","tdm_grid_status":"","footnotes":""},"categories":[379,375,343],"tags":[441],"class_list":{"0":"post-84752","1":"post","2":"type-post","3":"status-publish","4":"format-standard","5":"has-post-thumbnail","7":"category-novelas","8":"category-rede-globo","9":"category-televisao","10":"tag-resumo-do-dia"},"_links":{"self":[{"href":"https:\/\/migracao.redenoticia.com.br\/noticia\/wp-json\/wp\/v2\/posts\/84752","targetHints":{"allow":["GET"]}}],"collection":[{"href":"https:\/\/migracao.redenoticia.com.br\/noticia\/wp-json\/wp\/v2\/posts"}],"about":[{"href":"https:\/\/migracao.redenoticia.com.br\/noticia\/wp-json\/wp\/v2\/types\/post"}],"author":[{"embeddable":true,"href":"https:\/\/migracao.redenoticia.com.br\/noticia\/wp-json\/wp\/v2\/users\/2"}],"replies":[{"embeddable":true,"href":"https:\/\/migracao.redenoticia.com.br\/noticia\/wp-json\/wp\/v2\/comments?post=84752"}],"version-history":[{"count":0,"href":"https:\/\/migracao.redenoticia.com.br\/noticia\/wp-json\/wp\/v2\/posts\/84752\/revisions"}],"wp:featuredmedia":[{"embeddable":true,"href":"https:\/\/migracao.redenoticia.com.br\/noticia\/wp-json\/wp\/v2\/media\/82169"}],"wp:attachment":[{"href":"https:\/\/migracao.redenoticia.com.br\/noticia\/wp-json\/wp\/v2\/media?parent=84752"}],"wp:term":[{"taxonomy":"category","embeddable":true,"href":"https:\/\/migracao.redenoticia.com.br\/noticia\/wp-json\/wp\/v2\/categories?post=84752"},{"taxonomy":"post_tag","embeddable":true,"href":"https:\/\/migracao.redenoticia.com.br\/noticia\/wp-json\/wp\/v2\/tags?post=84752"}],"curies":[{"name":"wp","href":"https:\/\/api.w.org\/{rel}","templated":true}]}}