{"id":84761,"date":"2016-04-22T10:16:01","date_gmt":"2016-04-22T13:16:01","guid":{"rendered":"http:\/\/www.redenoticia.com.br\/noticia\/?p=84761"},"modified":"2016-04-21T21:29:10","modified_gmt":"2016-04-22T00:29:10","slug":"minicurso-on-line-gratuito-traz-dicas-e-orientacoes-para-ciclistas","status":"publish","type":"post","link":"https:\/\/migracao.redenoticia.com.br\/noticia\/2016\/minicurso-on-line-gratuito-traz-dicas-e-orientacoes-para-ciclistas\/84761","title":{"rendered":"Minicurso on-line gratuito traz dicas e orienta\u00e7\u00f5es para ciclistas"},"content":{"rendered":"<p>O uso da <em><strong>bicicleta<\/strong><\/em> \u00e9 cada vez mais comum entre as pessoas, seja para o lazer, divers\u00e3o ou como meio de transporte. Para ampliar o conhecimento sobre o assunto, o Acessa SP, programa de inclus\u00e3o digital do Governo do Estado de S\u00e3o Paulo, coloca \u00e0 disposi\u00e7\u00e3o dos usu\u00e1rios o minicurso: .<\/p>\n<p>A novidade \u00e9 que as instru\u00e7\u00f5es ficam dispon\u00edveis on-line e gratuitamente para todos os interessados no tema. O conte\u00fado \u00e9 voltado para praticantes e iniciantes nas pedaladas.<\/p>\n<p>O conte\u00fado inclui t\u00f3picos de explica\u00e7\u00e3o, para regulagem, manuten\u00e7\u00e3o, escolha do equipamento e tamb\u00e9m apresenta instru\u00e7\u00f5es para quem est\u00e1 come\u00e7ando, com o intuito de facilitar o dia a dia das pessoas que utilizam a bicicleta como meio de transporte.<\/p>\n<p>Al\u00e9m de contatos de ONGs, comunidades cicl\u00edsticas e estat\u00edsticas, o minicurso traz em v\u00eddeo, um novo m\u00e9todo de ensino para os iniciantes, sejam eles, crian\u00e7as ou adultos.<\/p>\n<p>A escolha do tema pelo Acessa SP est\u00e1 relacionada com o crescente uso das bicicletas como locomo\u00e7\u00e3o nas cidades. Com a amplia\u00e7\u00e3o e dissemina\u00e7\u00e3o das ciclovias e ciclofaixas nas cidades, existe um n\u00famero cada vez maior de pessoas que utilizam a bicicleta como meio de transporte e por isso a necessidade de ficar por dentro das dicas de seguran\u00e7a.<\/p>\n<p>Do Portal do Governo do Estado SP<\/p>\n","protected":false},"excerpt":{"rendered":"<p>O uso da bicicleta \u00e9 cada vez mais comum entre as pessoas, seja para o lazer, divers\u00e3o ou como meio de transporte. Para ampliar o conhecimento sobre o assunto, o Acessa SP, programa de inclus\u00e3o digital do Governo do Estado de S\u00e3o Paulo, coloca \u00e0 disposi\u00e7\u00e3o dos usu\u00e1rios o minicurso: . A novidade \u00e9 que [&hellip;]<\/p>\n","protected":false},"author":2,"featured_media":57577,"comment_status":"open","ping_status":"closed","sticky":false,"template":"","format":"standard","meta":{"tdm_status":"","tdm_grid_status":"","footnotes":""},"categories":[22,351,370],"tags":[],"class_list":{"0":"post-84761","1":"post","2":"type-post","3":"status-publish","4":"format-standard","5":"has-post-thumbnail","7":"category-brasil","8":"category-cursos","9":"category-inscricao"},"_links":{"self":[{"href":"https:\/\/migracao.redenoticia.com.br\/noticia\/wp-json\/wp\/v2\/posts\/84761","targetHints":{"allow":["GET"]}}],"collection":[{"href":"https:\/\/migracao.redenoticia.com.br\/noticia\/wp-json\/wp\/v2\/posts"}],"about":[{"href":"https:\/\/migracao.redenoticia.com.br\/noticia\/wp-json\/wp\/v2\/types\/post"}],"author":[{"embeddable":true,"href":"https:\/\/migracao.redenoticia.com.br\/noticia\/wp-json\/wp\/v2\/users\/2"}],"replies":[{"embeddable":true,"href":"https:\/\/migracao.redenoticia.com.br\/noticia\/wp-json\/wp\/v2\/comments?post=84761"}],"version-history":[{"count":0,"href":"https:\/\/migracao.redenoticia.com.br\/noticia\/wp-json\/wp\/v2\/posts\/84761\/revisions"}],"wp:featuredmedia":[{"embeddable":true,"href":"https:\/\/migracao.redenoticia.com.br\/noticia\/wp-json\/wp\/v2\/media\/57577"}],"wp:attachment":[{"href":"https:\/\/migracao.redenoticia.com.br\/noticia\/wp-json\/wp\/v2\/media?parent=84761"}],"wp:term":[{"taxonomy":"category","embeddable":true,"href":"https:\/\/migracao.redenoticia.com.br\/noticia\/wp-json\/wp\/v2\/categories?post=84761"},{"taxonomy":"post_tag","embeddable":true,"href":"https:\/\/migracao.redenoticia.com.br\/noticia\/wp-json\/wp\/v2\/tags?post=84761"}],"curies":[{"name":"wp","href":"https:\/\/api.w.org\/{rel}","templated":true}]}}