{"id":84802,"date":"2016-04-21T18:11:47","date_gmt":"2016-04-21T21:11:47","guid":{"rendered":"http:\/\/www.redenoticia.com.br\/noticia\/?p=84802"},"modified":"2016-04-21T18:11:47","modified_gmt":"2016-04-21T21:11:47","slug":"novela-cumplices-de-um-resgate-resumo-2204-regina-pressiona-joaquim","status":"publish","type":"post","link":"https:\/\/migracao.redenoticia.com.br\/noticia\/2016\/novela-cumplices-de-um-resgate-resumo-2204-regina-pressiona-joaquim\/84802","title":{"rendered":"Novela \u201cC\u00famplices de um Resgate\u201d resumo 22\/04: Regina pressiona Joaquim"},"content":{"rendered":"<p><img loading=\"lazy\" decoding=\"async\" src=\"https:\/\/migracao.redenoticia.com.br\/noticia\/imagens\/cumplices_de_um_resgate_sbt_novela_resumo-150x112.jpg\" alt=\"cumplices_de_um_resgate_sbt_novela_resumo\" width=\"150\" height=\"112\" class=\"alignleft size-thumbnail wp-image-71351\" srcset=\"https:\/\/migracao.redenoticia.com.br\/noticia\/imagens\/cumplices_de_um_resgate_sbt_novela_resumo-150x112.jpg 150w, https:\/\/migracao.redenoticia.com.br\/noticia\/imagens\/cumplices_de_um_resgate_sbt_novela_resumo-265x198.jpg 265w\" sizes=\"auto, (max-width: 150px) 100vw, 150px\" \/><strong><em>Novela \u201cC\u00famplices de um Resgate\u201d resumo 22\/04<\/em><\/strong>: a maldade e o interesse pelo dinheiro n\u00e3o tem limite para Regina. Depois de realizar um jantar em sua casa para aproximar Joaquim de Priscila, Regina diz ao garoto se declarar para Priscila em plena coletiva de imprensa, para que os jornalistas publiquem a not\u00edcia. Joaquim diz que n\u00e3o far\u00e1 isso. Regina conta que ele precisa fazer mesmo o que n\u00e3o quer pelo bem da banda.<\/p>\n<p>No cap\u00edtulo 190(*), novela \u201cC\u00famplice de um Resgate\u201d, sexta-feira, 22 de abril \u2013 Fiorina expulsa Giuseppe de casa e diz que ele \u00e9 seu ex-marido. T\u00e9o conta para Mateus e D\u00f3ris que a m\u00e3e dele acredita que Fiorina acha que Giuseppe est\u00e1 traindo ela com Nina. Lola s\u00f3 d\u00e1 aten\u00e7\u00e3o ao novo tablet que ganhou devido as boas notas na escola. A pequena n\u00e3o d\u00e1 mais aten\u00e7\u00e3o para sua peixe, Beijoca. <\/p>\n<p>Safira festeja com Tomas o sucesso de seu plano sobre as pe\u00e7as de roupa. Manuela, que na verdade \u00e9 Isabela, segue com os ensaios de canto com o padre Lutero. Nina v\u00ea o ensaio da neta. Manuela, que na verdade \u00e9 Isabela, fica irritada que ela e Rebeca sabem dos seus ensaios. Regina diz para Joaquim se declarar para Priscila em plena coletiva de imprensa para que os jornalistas publiquem a not\u00edcia. <\/p>\n<p>Joaquim diz que n\u00e3o far\u00e1 isso. Regina conta que ele precisa fazer mesmo o que n\u00e3o quer pelo bem da banda. Tomas conta para Safira que Ot\u00e1vio contratou costureiras \u201cfreelancers\u201d para ajudar Rebeca na confec\u00e7\u00e3o com as entregas das novas pe\u00e7as. No vilarejo, Ot\u00e1vio convence Rebeca a aceitar o trabalho das costureiras.  <\/p>\n<p>(*) edi\u00e7\u00e3o do SBT, Novela \u201cC\u00famplices de um Resgate\u201d, sujeito a altera\u00e7\u00e3o de data e conte\u00fado.<\/p>\n","protected":false},"excerpt":{"rendered":"<p>Novela \u201cC\u00famplices de um Resgate\u201d resumo 22\/04: a maldade e o interesse pelo dinheiro n\u00e3o tem limite para Regina. Depois de realizar um jantar em sua casa para aproximar Joaquim de Priscila, Regina diz ao garoto se declarar para Priscila em plena coletiva de imprensa, para que os jornalistas publiquem a not\u00edcia. Joaquim diz que [&hellip;]<\/p>\n","protected":false},"author":2,"featured_media":71351,"comment_status":"open","ping_status":"closed","sticky":false,"template":"","format":"standard","meta":{"tdm_status":"","tdm_grid_status":"","footnotes":""},"categories":[379,372,343],"tags":[441],"class_list":{"0":"post-84802","1":"post","2":"type-post","3":"status-publish","4":"format-standard","5":"has-post-thumbnail","7":"category-novelas","8":"category-sbt","9":"category-televisao","10":"tag-resumo-do-dia"},"_links":{"self":[{"href":"https:\/\/migracao.redenoticia.com.br\/noticia\/wp-json\/wp\/v2\/posts\/84802","targetHints":{"allow":["GET"]}}],"collection":[{"href":"https:\/\/migracao.redenoticia.com.br\/noticia\/wp-json\/wp\/v2\/posts"}],"about":[{"href":"https:\/\/migracao.redenoticia.com.br\/noticia\/wp-json\/wp\/v2\/types\/post"}],"author":[{"embeddable":true,"href":"https:\/\/migracao.redenoticia.com.br\/noticia\/wp-json\/wp\/v2\/users\/2"}],"replies":[{"embeddable":true,"href":"https:\/\/migracao.redenoticia.com.br\/noticia\/wp-json\/wp\/v2\/comments?post=84802"}],"version-history":[{"count":0,"href":"https:\/\/migracao.redenoticia.com.br\/noticia\/wp-json\/wp\/v2\/posts\/84802\/revisions"}],"wp:featuredmedia":[{"embeddable":true,"href":"https:\/\/migracao.redenoticia.com.br\/noticia\/wp-json\/wp\/v2\/media\/71351"}],"wp:attachment":[{"href":"https:\/\/migracao.redenoticia.com.br\/noticia\/wp-json\/wp\/v2\/media?parent=84802"}],"wp:term":[{"taxonomy":"category","embeddable":true,"href":"https:\/\/migracao.redenoticia.com.br\/noticia\/wp-json\/wp\/v2\/categories?post=84802"},{"taxonomy":"post_tag","embeddable":true,"href":"https:\/\/migracao.redenoticia.com.br\/noticia\/wp-json\/wp\/v2\/tags?post=84802"}],"curies":[{"name":"wp","href":"https:\/\/api.w.org\/{rel}","templated":true}]}}