{"id":84808,"date":"2016-04-21T18:35:35","date_gmt":"2016-04-21T21:35:35","guid":{"rendered":"http:\/\/www.redenoticia.com.br\/noticia\/?p=84808"},"modified":"2016-04-21T18:35:35","modified_gmt":"2016-04-21T21:35:35","slug":"novela-os-dez-mandamentos-resumo-2204-cora-tenta-matar-natan","status":"publish","type":"post","link":"https:\/\/migracao.redenoticia.com.br\/noticia\/2016\/novela-os-dez-mandamentos-resumo-2204-cora-tenta-matar-natan\/84808","title":{"rendered":"Novela \u201cOs Dez Mandamentos\u201d resumo 22\/04: Cor\u00e1 tenta matar Natan"},"content":{"rendered":"<p> <img loading=\"lazy\" decoding=\"async\" class=\"alignleft size-thumbnail wp-image-83604\" src=\"https:\/\/migracao.redenoticia.com.br\/noticia\/imagens\/os_dez_mandamentos_nova_temporada-150x112.jpg\" alt=\"os_dez_mandamentos_nova_temporada\" width=\"150\" height=\"112\" srcset=\"https:\/\/migracao.redenoticia.com.br\/noticia\/imagens\/os_dez_mandamentos_nova_temporada-150x112.jpg 150w, https:\/\/migracao.redenoticia.com.br\/noticia\/imagens\/os_dez_mandamentos_nova_temporada-265x198.jpg 265w, https:\/\/migracao.redenoticia.com.br\/noticia\/imagens\/os_dez_mandamentos_nova_temporada-345x261.jpg 345w\" sizes=\"auto, (max-width: 150px) 100vw, 150px\" \/><strong><em>Novela \u201cOs Dez Mandamentos\u201d resumo 22\/04<\/em><\/strong>: no meio do deserto, Natan se preocupa com as crian\u00e7as e pede ajuda a Cor\u00e1. O vil\u00e3o se finge de amigo e diz que vai levar Natan, Abner e Haya para o acampamento hebreu. Natan explica para Cor\u00e1 tudo o que aconteceu desde foram a Moabe. Cor\u00e1 finge indigna\u00e7\u00e3o e diz que vai ajud\u00e1-los a chegar no acampamento hebreu. Logo depois, Cor\u00e1 empurra o servo de Jetro em um penhasco. Ele volta \u00e0 caverna e tenta matar Abner, mas desiste quando v\u00ea o menino dormindo. Abner desperta, pergunta por Natan e Cor\u00e1 diz que o servo morreu em um assalto. Enquanto isso, Natan, ferido e sangrando, tenta se levantar.  <\/p>\n<p>No capitulo 015 (*), novela \u201cOs Dez Mandamentos\u201d, sexta-feira, 22 de abril &#8211; Cor\u00e1 se finge de amigo e diz que vai levar Natan, Abner e Haya para o acampamento hebreu. Ele diz que est\u00e1 sozinho e pede abrigo. Bet\u00e2nia, pensativa, se arruma para a lua de mel. Elda conta a Balaque que Bet\u00e2nia quase fugiu antes do casamento. Bala\u00e3o diz a Betania que est\u00e1 satisfeito por ela ter cumprido sua parte no trato. E ela pede o mesmo a ele. Nadabe diz aos irm\u00e3os que gostaria de lutar em guerras como Josu\u00e9 a trabalhar como sacerdote. Abi\u00fa confessa para Ar\u00e3o que gosta de Joana e conta que a viu olhando com interesse para o pai. Mois\u00e9s procura por Hur e pergunta quais s\u00e3o as inten\u00e7\u00f5es com Miri\u00e3. <\/p>\n<p>Abir\u00e3o obriga o filho Tales a ajudar na constru\u00e7\u00e3o. Ana sente falta de Josu\u00e9. Bet\u00e2nia se apresenta ao rei e n\u00e3o disfar\u00e7a a tristeza. Mois\u00e9s pergunta a Hur se ele quer casar com Miri\u00e3, mas ele n\u00e3o demonstra certeza. Ar\u00e3o est\u00e1 contemplando as estrelas quando Joana aparece. Ele tenta evit\u00e1-la. Abi\u00fa os v\u00ea de longe e fica irritado. Adira est\u00e1 encolhida em um canto da casa de Rishon. Talita, a outra serva, leva comida para Adira, que chora ao lembrar da fam\u00edlia. As crian\u00e7as est\u00e3o dormindo e Natan explica para Cor\u00e1 tudo o que aconteceu desde foram a Moabe. Cor\u00e1 finge indigna\u00e7\u00e3o e diz que vai ajud\u00e1-los a chegar ao acampamento hebreu. <\/p>\n<p>Cor\u00e1 planeja matar Natan e empurra o servo de Jetro de um penhasco. Ele volta \u00e0 caverna e tenta matar Abner, mas desiste quando v\u00ea o menino dormindo. Calebe, Josu\u00e9 e Aoliabe procuram por Cor\u00e1. Abigail conta a Deborah sobre Leila e Gahiji. Bet\u00e2nia diz a Emma que n\u00e3o chegou a se deitar com o rei. A dama adverte que ela n\u00e3o conseguir\u00e1 adiar isso por muito tempo. Miri\u00e3 diz a Mois\u00e9s que n\u00e3o gostou do irm\u00e3o ter ido falar com Hur sobre a rela\u00e7\u00e3o dos dois. Abner desperta e pergunta por Natan. Cor\u00e1 diz que o servo morreu em um assalto. O menino se desespera ao saber que vai voltar para a cidade de Quir. Na beira do penhasco, Natan ferido e sangrando, tenta se levantar.  <\/p>\n<p>(*) edi\u00e7\u00e3o da Rede Record, Novela \u201cOs Dez Mandamentos\u201d, sujeito a altera\u00e7\u00e3o de data e conte\u00fado. <\/p>\n","protected":false},"excerpt":{"rendered":"<p>Novela \u201cOs Dez Mandamentos\u201d resumo 22\/04: no meio do deserto, Natan se preocupa com as crian\u00e7as e pede ajuda a Cor\u00e1. O vil\u00e3o se finge de amigo e diz que vai levar Natan, Abner e Haya para o acampamento hebreu. Natan explica para Cor\u00e1 tudo o que aconteceu desde foram a Moabe. Cor\u00e1 finge indigna\u00e7\u00e3o [&hellip;]<\/p>\n","protected":false},"author":2,"featured_media":83604,"comment_status":"open","ping_status":"closed","sticky":false,"template":"","format":"standard","meta":{"tdm_status":"","tdm_grid_status":"","footnotes":""},"categories":[379,424,371,343],"tags":[441],"class_list":{"0":"post-84808","1":"post","2":"type-post","3":"status-publish","4":"format-standard","5":"has-post-thumbnail","7":"category-novelas","8":"category-os-dez-mandamentos","9":"category-rede-record","10":"category-televisao","11":"tag-resumo-do-dia"},"_links":{"self":[{"href":"https:\/\/migracao.redenoticia.com.br\/noticia\/wp-json\/wp\/v2\/posts\/84808","targetHints":{"allow":["GET"]}}],"collection":[{"href":"https:\/\/migracao.redenoticia.com.br\/noticia\/wp-json\/wp\/v2\/posts"}],"about":[{"href":"https:\/\/migracao.redenoticia.com.br\/noticia\/wp-json\/wp\/v2\/types\/post"}],"author":[{"embeddable":true,"href":"https:\/\/migracao.redenoticia.com.br\/noticia\/wp-json\/wp\/v2\/users\/2"}],"replies":[{"embeddable":true,"href":"https:\/\/migracao.redenoticia.com.br\/noticia\/wp-json\/wp\/v2\/comments?post=84808"}],"version-history":[{"count":0,"href":"https:\/\/migracao.redenoticia.com.br\/noticia\/wp-json\/wp\/v2\/posts\/84808\/revisions"}],"wp:featuredmedia":[{"embeddable":true,"href":"https:\/\/migracao.redenoticia.com.br\/noticia\/wp-json\/wp\/v2\/media\/83604"}],"wp:attachment":[{"href":"https:\/\/migracao.redenoticia.com.br\/noticia\/wp-json\/wp\/v2\/media?parent=84808"}],"wp:term":[{"taxonomy":"category","embeddable":true,"href":"https:\/\/migracao.redenoticia.com.br\/noticia\/wp-json\/wp\/v2\/categories?post=84808"},{"taxonomy":"post_tag","embeddable":true,"href":"https:\/\/migracao.redenoticia.com.br\/noticia\/wp-json\/wp\/v2\/tags?post=84808"}],"curies":[{"name":"wp","href":"https:\/\/api.w.org\/{rel}","templated":true}]}}