{"id":84814,"date":"2016-04-21T18:52:46","date_gmt":"2016-04-21T21:52:46","guid":{"rendered":"http:\/\/www.redenoticia.com.br\/noticia\/?p=84814"},"modified":"2016-04-21T18:52:46","modified_gmt":"2016-04-21T21:52:46","slug":"novela-eta-mundo-bom-resumo-2204-cunegundes-ameaca-denunciar-inacio","status":"publish","type":"post","link":"https:\/\/migracao.redenoticia.com.br\/noticia\/2016\/novela-eta-mundo-bom-resumo-2204-cunegundes-ameaca-denunciar-inacio\/84814","title":{"rendered":"Novela \u201cEta Mundo Bom\u201d resumo 22\/04: Cunegundes amea\u00e7a denunciar In\u00e1cio"},"content":{"rendered":"<p> <img loading=\"lazy\" decoding=\"async\" class=\"alignleft size-thumbnail wp-image-82131\" src=\"https:\/\/migracao.redenoticia.com.br\/noticia\/imagens\/eta_mundo_bom_globo_novela_resumo-150x112.jpg\" alt=\"eta_mundo_bom_globo_novela_resumo\" width=\"150\" height=\"112\" srcset=\"https:\/\/migracao.redenoticia.com.br\/noticia\/imagens\/eta_mundo_bom_globo_novela_resumo-150x112.jpg 150w, https:\/\/migracao.redenoticia.com.br\/noticia\/imagens\/eta_mundo_bom_globo_novela_resumo-265x198.jpg 265w\" sizes=\"auto, (max-width: 150px) 100vw, 150px\" \/><strong><em>Novela \u201cEta Mundo Bom\u201d resumo 22\/04<\/em><\/strong>: depois de muito custo e contra sua vontade, Eponina resolve desencalhar e aceita se casar com o banqueiro In\u00e1cio. Chega o dia do cas\u00f3rio e, quando o padre come\u00e7a a celebrar a cerim\u00f4nia, \u00e9 interrompido por uma mulher aos berros, dizendo que In\u00e1cio j\u00e1 \u00e9 casado com ela. O casamento n\u00e3o sai e todos voltam \u00e0 fazenda. Irritada com o farsante que vai atr\u00e1s dela para tentar reverter \u00e0 situa\u00e7\u00e3o, Eponina aproveita a mesa que est\u00e1 cheia de guloseimas e atira um bolo na cara de In\u00e1cio. Pronto, a confus\u00e3o est\u00e1 armada. Mais tarde, Cunegundes que n\u00e3o \u00e9 boba, aproveita toda a confus\u00e3o do casamento para se desfazer da d\u00edvida da fam\u00edlia. Ela amea\u00e7a denunciar In\u00e1cio para a pol\u00edcia por querer se casar duas vezes. Sem sa\u00edda, In\u00e1cio promete adiar o leil\u00e3o da fazenda.<\/p>\n<p>No capitulo 083(*), novela \u201cEta Mundo Bom\u201d, sexta-feira, 22 de abril \u2013 Diana inventa para Severo que Braz a beijou \u00e0 for\u00e7a. Severo expulsa Braz de sua casa. Pancr\u00e1cio sente-se constrangido na presen\u00e7a de Anast\u00e1cia. Severo recebe cobran\u00e7as de seus fornecedores. <\/p>\n<p>Cunegundes afirma que Mafalda se casar\u00e1 com Romeu. Mafalda pede que Romeu lhe prove que n\u00e3o tem uma noiva. Sandra insiste em ensinar boas maneiras para Candinho. Fragoso abre uma conta banc\u00e1ria em nome de Filomena. Braz muda-se para a casa de Diana e Clarice se preocupa. <\/p>\n<p>Maria pede a ajuda de Anast\u00e1cia para batizar Aninha. Pancr\u00e1cio confessa a Candinho que ama Anast\u00e1cia. Para se desfazer da d\u00edvida da fam\u00edlia, Cunegundes amea\u00e7a In\u00e1cio de denunci\u00e1-lo para a pol\u00edcia por querer se casar duas vezes.   <\/p>\n<p>(*) edi\u00e7\u00e3o da Rede Globo, Novela \u201cEta Mundo Bom\u201d, sujeito a altera\u00e7\u00e3o de data e conte\u00fado.<\/p>\n","protected":false},"excerpt":{"rendered":"<p>Novela \u201cEta Mundo Bom\u201d resumo 22\/04: depois de muito custo e contra sua vontade, Eponina resolve desencalhar e aceita se casar com o banqueiro In\u00e1cio. Chega o dia do cas\u00f3rio e, quando o padre come\u00e7a a celebrar a cerim\u00f4nia, \u00e9 interrompido por uma mulher aos berros, dizendo que In\u00e1cio j\u00e1 \u00e9 casado com ela. O [&hellip;]<\/p>\n","protected":false},"author":2,"featured_media":82131,"comment_status":"open","ping_status":"closed","sticky":false,"template":"","format":"standard","meta":{"tdm_status":"","tdm_grid_status":"","footnotes":""},"categories":[379,375,343],"tags":[441],"class_list":{"0":"post-84814","1":"post","2":"type-post","3":"status-publish","4":"format-standard","5":"has-post-thumbnail","7":"category-novelas","8":"category-rede-globo","9":"category-televisao","10":"tag-resumo-do-dia"},"_links":{"self":[{"href":"https:\/\/migracao.redenoticia.com.br\/noticia\/wp-json\/wp\/v2\/posts\/84814","targetHints":{"allow":["GET"]}}],"collection":[{"href":"https:\/\/migracao.redenoticia.com.br\/noticia\/wp-json\/wp\/v2\/posts"}],"about":[{"href":"https:\/\/migracao.redenoticia.com.br\/noticia\/wp-json\/wp\/v2\/types\/post"}],"author":[{"embeddable":true,"href":"https:\/\/migracao.redenoticia.com.br\/noticia\/wp-json\/wp\/v2\/users\/2"}],"replies":[{"embeddable":true,"href":"https:\/\/migracao.redenoticia.com.br\/noticia\/wp-json\/wp\/v2\/comments?post=84814"}],"version-history":[{"count":0,"href":"https:\/\/migracao.redenoticia.com.br\/noticia\/wp-json\/wp\/v2\/posts\/84814\/revisions"}],"wp:featuredmedia":[{"embeddable":true,"href":"https:\/\/migracao.redenoticia.com.br\/noticia\/wp-json\/wp\/v2\/media\/82131"}],"wp:attachment":[{"href":"https:\/\/migracao.redenoticia.com.br\/noticia\/wp-json\/wp\/v2\/media?parent=84814"}],"wp:term":[{"taxonomy":"category","embeddable":true,"href":"https:\/\/migracao.redenoticia.com.br\/noticia\/wp-json\/wp\/v2\/categories?post=84814"},{"taxonomy":"post_tag","embeddable":true,"href":"https:\/\/migracao.redenoticia.com.br\/noticia\/wp-json\/wp\/v2\/tags?post=84814"}],"curies":[{"name":"wp","href":"https:\/\/api.w.org\/{rel}","templated":true}]}}