{"id":84816,"date":"2016-04-21T18:58:50","date_gmt":"2016-04-21T21:58:50","guid":{"rendered":"http:\/\/www.redenoticia.com.br\/noticia\/?p=84816"},"modified":"2016-04-21T18:58:50","modified_gmt":"2016-04-21T21:58:50","slug":"novela-totalmente-demais-resumo-2204-leila-decide-ignorar-fotos-de-eliza","status":"publish","type":"post","link":"https:\/\/migracao.redenoticia.com.br\/noticia\/2016\/novela-totalmente-demais-resumo-2204-leila-decide-ignorar-fotos-de-eliza\/84816","title":{"rendered":"Novela \u201cTotalmente Demais\u201d resumo 22\/04: Leila decide ignorar fotos de Eliza"},"content":{"rendered":"<p> <strong><em><img loading=\"lazy\" decoding=\"async\" class=\"alignleft size-thumbnail wp-image-76581\" src=\"https:\/\/migracao.redenoticia.com.br\/noticia\/imagens\/totalmente_demais_novela_resumo_globo-150x112.jpg\" alt=\"totalmente_demais_novela_resumo_globo\" width=\"150\" height=\"112\" srcset=\"https:\/\/migracao.redenoticia.com.br\/noticia\/imagens\/totalmente_demais_novela_resumo_globo-150x112.jpg 150w, https:\/\/migracao.redenoticia.com.br\/noticia\/imagens\/totalmente_demais_novela_resumo_globo-265x198.jpg 265w\" sizes=\"auto, (max-width: 150px) 100vw, 150px\" \/>Novela \u201cTotalmente Demais\u201d resumo 22\/04<\/em><\/strong>: Arthur queria fazer uma surpresa para Eliza, mas ele \u00e9 que se surpreende ao encontrar sua amada na cama com Rafael. Arthur n\u00e3o acredita em Eliza quando a namorada lhe garante que n\u00e3o aconteceu nada entre ela e Rafael. Enquanto isso, Carol envia as fotos de Eliza e Rafael, na cama, para Leila, que fica chocada e chama L\u00fa para ver. Leila decide n\u00e3o publicar as fotos. Como n\u00e3o consegue seu objetivo, Carol manda as fotos para Lorena. Mais tarde, L\u00fa acusa Leila de ter enviado as fotos de Eliza para Lorena.<\/p>\n<p>No capitulo 143 (*), novela \u201cTotalmente Demais\u201d, sexta-feira, 22 de abril \u2013 Leila decide n\u00e3o publicar as fotos de Eliza e Rafael enviadas por Carolina. Arthur n\u00e3o acredita em Eliza quando a namorada lhe garante que n\u00e3o aconteceu nada entre ela e Rafael. <\/p>\n<p>Carolina envia as fotos de Eliza e Rafael para Lorena. Wesley confessa a Jana\u00edna que est\u00e1 interessado nela. Lu acusa Leila de ter enviado as fotos de Eliza para Lorena. <\/p>\n<p>Z\u00e9 Pedro mostra a Germano as fotos de Eliza, publicadas no site de Lorena, e provoca a ira do empres\u00e1rio contra Rafael. <\/p>\n<p>(*) edi\u00e7\u00e3o da Rede Globo, Novela \u201cTotalmente Demais\u201d, sujeito a altera\u00e7\u00e3o de data e conte\u00fado.<\/p>\n","protected":false},"excerpt":{"rendered":"<p>Novela \u201cTotalmente Demais\u201d resumo 22\/04: Arthur queria fazer uma surpresa para Eliza, mas ele \u00e9 que se surpreende ao encontrar sua amada na cama com Rafael. Arthur n\u00e3o acredita em Eliza quando a namorada lhe garante que n\u00e3o aconteceu nada entre ela e Rafael. Enquanto isso, Carol envia as fotos de Eliza e Rafael, na [&hellip;]<\/p>\n","protected":false},"author":2,"featured_media":76581,"comment_status":"open","ping_status":"closed","sticky":false,"template":"","format":"standard","meta":{"tdm_status":"","tdm_grid_status":"","footnotes":""},"categories":[379,375,343],"tags":[441],"class_list":{"0":"post-84816","1":"post","2":"type-post","3":"status-publish","4":"format-standard","5":"has-post-thumbnail","7":"category-novelas","8":"category-rede-globo","9":"category-televisao","10":"tag-resumo-do-dia"},"_links":{"self":[{"href":"https:\/\/migracao.redenoticia.com.br\/noticia\/wp-json\/wp\/v2\/posts\/84816","targetHints":{"allow":["GET"]}}],"collection":[{"href":"https:\/\/migracao.redenoticia.com.br\/noticia\/wp-json\/wp\/v2\/posts"}],"about":[{"href":"https:\/\/migracao.redenoticia.com.br\/noticia\/wp-json\/wp\/v2\/types\/post"}],"author":[{"embeddable":true,"href":"https:\/\/migracao.redenoticia.com.br\/noticia\/wp-json\/wp\/v2\/users\/2"}],"replies":[{"embeddable":true,"href":"https:\/\/migracao.redenoticia.com.br\/noticia\/wp-json\/wp\/v2\/comments?post=84816"}],"version-history":[{"count":0,"href":"https:\/\/migracao.redenoticia.com.br\/noticia\/wp-json\/wp\/v2\/posts\/84816\/revisions"}],"wp:featuredmedia":[{"embeddable":true,"href":"https:\/\/migracao.redenoticia.com.br\/noticia\/wp-json\/wp\/v2\/media\/76581"}],"wp:attachment":[{"href":"https:\/\/migracao.redenoticia.com.br\/noticia\/wp-json\/wp\/v2\/media?parent=84816"}],"wp:term":[{"taxonomy":"category","embeddable":true,"href":"https:\/\/migracao.redenoticia.com.br\/noticia\/wp-json\/wp\/v2\/categories?post=84816"},{"taxonomy":"post_tag","embeddable":true,"href":"https:\/\/migracao.redenoticia.com.br\/noticia\/wp-json\/wp\/v2\/tags?post=84816"}],"curies":[{"name":"wp","href":"https:\/\/api.w.org\/{rel}","templated":true}]}}