{"id":84818,"date":"2016-04-21T19:01:27","date_gmt":"2016-04-21T22:01:27","guid":{"rendered":"http:\/\/www.redenoticia.com.br\/noticia\/?p=84818"},"modified":"2016-04-21T19:20:55","modified_gmt":"2016-04-21T22:20:55","slug":"novela-velho-chico-resumo-2204-lucas-testemunha-invasao-na-cooperativa","status":"publish","type":"post","link":"https:\/\/migracao.redenoticia.com.br\/noticia\/2016\/novela-velho-chico-resumo-2204-lucas-testemunha-invasao-na-cooperativa\/84818","title":{"rendered":"Novela \u201cVelho Chico\u201d resumo 22\/04: Lucas testemunha invas\u00e3o na cooperativa"},"content":{"rendered":"<p> <img loading=\"lazy\" decoding=\"async\" class=\"alignleft size-thumbnail wp-image-82169\" src=\"https:\/\/migracao.redenoticia.com.br\/noticia\/imagens\/velho_chico_novela_resumo_globo-150x112.jpg\" alt=\"velho_chico_novela_resumo_globo\" width=\"150\" height=\"112\" srcset=\"https:\/\/migracao.redenoticia.com.br\/noticia\/imagens\/velho_chico_novela_resumo_globo-150x112.jpg 150w, https:\/\/migracao.redenoticia.com.br\/noticia\/imagens\/velho_chico_novela_resumo_globo-265x198.jpg 265w\" sizes=\"auto, (max-width: 150px) 100vw, 150px\" \/><strong><em>Novela \u201cVelho Chico\u201d resumo 22\/04<\/em><\/strong>: Santo volta a tomar as r\u00e9deas da cooperativa de agricultores, depois que um produtor se rebela e vende sua safra ao coronel. O produtor procura Afr\u00e2nio para pedir ajuda, pois ser\u00e1 processado pela cooperativa por ter feito empr\u00e9stimos. Enquanto isso, o Coronel Afr\u00e2nio manda C\u00edcero roubar o contrato do produtor e depois incendiar a cooperativa. Lucas est\u00e1 no local e testemunha a invas\u00e3o. No meio do inc\u00eandio, ele tenta falar com Ol\u00edvia.<\/p>\n<p>No capitulo 035 (*), novela \u201cVelho Chico\u201d, sexta-feira, 22 de abril \u2013 Dalva e Doninha encontram Encarna\u00e7\u00e3o na beira do cais, sofrendo pela morte de In\u00e1cio. Doninha reza para que C\u00edcero esteja em seguran\u00e7a e teme as ordens de Afr\u00e2nio para o filho. <\/p>\n<p>Piedade conta hist\u00f3rias de Eul\u00e1lia para Isabel. Iolanda e Afr\u00e2nio se amam. C\u00edcero e outros jagun\u00e7os invadem a cooperativa a mando de Afr\u00e2nio e Lucas tenta falar com Ol\u00edvia. <\/p>\n<p>C\u00edcero jura vingan\u00e7a contra Santo. Os jagun\u00e7os insistem para que C\u00edcero fuja, mas o rapaz afirma que ainda n\u00e3o terminou sua miss\u00e3o. <\/p>\n<p>(*) edi\u00e7\u00e3o da Rede Globo, Novela \u201cVelho Chico\u201d, sujeito a altera\u00e7\u00e3o de data e conte\u00fado.<\/p>\n","protected":false},"excerpt":{"rendered":"<p>Novela \u201cVelho Chico\u201d resumo 22\/04: Santo volta a tomar as r\u00e9deas da cooperativa de agricultores, depois que um produtor se rebela e vende sua safra ao coronel. O produtor procura Afr\u00e2nio para pedir ajuda, pois ser\u00e1 processado pela cooperativa por ter feito empr\u00e9stimos. Enquanto isso, o Coronel Afr\u00e2nio manda C\u00edcero roubar o contrato do produtor [&hellip;]<\/p>\n","protected":false},"author":2,"featured_media":82169,"comment_status":"open","ping_status":"closed","sticky":false,"template":"","format":"standard","meta":{"tdm_status":"","tdm_grid_status":"","footnotes":""},"categories":[379,375,343],"tags":[441],"class_list":{"0":"post-84818","1":"post","2":"type-post","3":"status-publish","4":"format-standard","5":"has-post-thumbnail","7":"category-novelas","8":"category-rede-globo","9":"category-televisao","10":"tag-resumo-do-dia"},"_links":{"self":[{"href":"https:\/\/migracao.redenoticia.com.br\/noticia\/wp-json\/wp\/v2\/posts\/84818","targetHints":{"allow":["GET"]}}],"collection":[{"href":"https:\/\/migracao.redenoticia.com.br\/noticia\/wp-json\/wp\/v2\/posts"}],"about":[{"href":"https:\/\/migracao.redenoticia.com.br\/noticia\/wp-json\/wp\/v2\/types\/post"}],"author":[{"embeddable":true,"href":"https:\/\/migracao.redenoticia.com.br\/noticia\/wp-json\/wp\/v2\/users\/2"}],"replies":[{"embeddable":true,"href":"https:\/\/migracao.redenoticia.com.br\/noticia\/wp-json\/wp\/v2\/comments?post=84818"}],"version-history":[{"count":0,"href":"https:\/\/migracao.redenoticia.com.br\/noticia\/wp-json\/wp\/v2\/posts\/84818\/revisions"}],"wp:featuredmedia":[{"embeddable":true,"href":"https:\/\/migracao.redenoticia.com.br\/noticia\/wp-json\/wp\/v2\/media\/82169"}],"wp:attachment":[{"href":"https:\/\/migracao.redenoticia.com.br\/noticia\/wp-json\/wp\/v2\/media?parent=84818"}],"wp:term":[{"taxonomy":"category","embeddable":true,"href":"https:\/\/migracao.redenoticia.com.br\/noticia\/wp-json\/wp\/v2\/categories?post=84818"},{"taxonomy":"post_tag","embeddable":true,"href":"https:\/\/migracao.redenoticia.com.br\/noticia\/wp-json\/wp\/v2\/tags?post=84818"}],"curies":[{"name":"wp","href":"https:\/\/api.w.org\/{rel}","templated":true}]}}