{"id":84856,"date":"2016-04-25T10:46:52","date_gmt":"2016-04-25T13:46:52","guid":{"rendered":"http:\/\/www.redenoticia.com.br\/noticia\/?p=84856"},"modified":"2016-04-21T21:53:23","modified_gmt":"2016-04-22T00:53:23","slug":"brasil-tem-1-168-casos-confirmados-de-microcefalia","status":"publish","type":"post","link":"https:\/\/migracao.redenoticia.com.br\/noticia\/2016\/brasil-tem-1-168-casos-confirmados-de-microcefalia\/84856","title":{"rendered":"Brasil tem 1.168 casos confirmados de microcefalia"},"content":{"rendered":"<p> Boletim epidemiol\u00f3gico divulgado em 20\/04, pelo Minist\u00e9rio da Sa\u00fade, aponta que, at\u00e9 o dia 16 de abril, 1.168 casos de <strong><em>microcefalia<\/em><\/strong> e outras altera\u00e7\u00f5es do sistema nervoso sugestivas de infec\u00e7\u00e3o cong\u00eanita foram confirmados no pa\u00eds. Os n\u00fameros mostram ainda que 2.241 casos suspeitos foram descartados, enquanto 3.741 permanecem em investiga\u00e7\u00e3o.<\/p>\n<p>Os 1.168 casos confirmados ocorreram em 428 munic\u00edpios de 22 estados da unidades da Federa\u00e7\u00e3o: Alagoas, Bahia, Cear\u00e1, Maranh\u00e3o, Para\u00edba, Pernambuco, Piau\u00ed, Rio Grande do Norte, Sergipe, Esp\u00edrito Santo, Minas Gerais, Rio de Janeiro, Amap\u00e1, Amazonas, Par\u00e1, Rond\u00f4nia, Distrito Federal, Goi\u00e1s, Mato Grosso, Mato Grosso do Sul, Paran\u00e1 e Rio Grande do Sul. S\u00e3o 55 casos a mais em rela\u00e7\u00e3o aos dados do \u00faltimo levantamento, divulgado no dia 12 deste m\u00eas.<\/p>\n<p> Do total de casos confirmados, 192 tiveram resultado positivo em rela\u00e7\u00e3o ao Zika por crit\u00e9rio laboratorial espec\u00edfico para o v\u00edrus. O minist\u00e9rio ressalta, no entanto, que o dado n\u00e3o representa adequadamente a totalidade de casos relacionados ao v\u00edrus. \u201cA pasta considera que houve infec\u00e7\u00e3o pelo Zika na maior parte das m\u00e3es que tiveram beb\u00eas com diagn\u00f3stico final de microcefalia\u201d, informa o boletim.<\/p>\n<p>De acordo com o levantamento, at\u00e9 o dia 16 de abril, foram registrados 240 \u00f3bitos suspeitos ap\u00f3s o parto ou durante a gesta\u00e7\u00e3o (abortamento ou natimorto). Desses, 51 foram confirmados para microcefalia e\/ou altera\u00e7\u00e3o do sistema nervoso central, 30 foram descartados e 165 continuam em investiga\u00e7\u00e3o.<\/p>\n<p>Nordeste<\/p>\n<p>A Regi\u00e3o Nordeste concentra 77,2% dos casos notificados, com 5.520 registros at\u00e9 o momento. O estado de Pernambuco continua sendo a unidade da Federa\u00e7\u00e3o com maior n\u00famero de casos em investiga\u00e7\u00e3o (760), seguido da Bahia (647), Para\u00edba (389), Rio Grande do Norte (297), Rio de Janeiro (294) e Cear\u00e1 (254).<\/p>\n<p>\u201cCabe esclarecer que o Minist\u00e9rio da Sa\u00fade est\u00e1 investigando todos os casos de microcefalia e outras altera\u00e7\u00f5es do sistema nervoso central informados pelos estados e a poss\u00edvel rela\u00e7\u00e3o com o v\u00edrus Zika e outras infec\u00e7\u00f5es cong\u00eanitas. A microcefalia pode ter como causa diversos agentes infecciosos al\u00e9m do Zika, como s\u00edfilis, toxoplasmose, outros agentes infecciosos, rub\u00e9ola, citomegalov\u00edrus e herpes viral\u201d, destaca o texto.<\/p>\n<p>Na semana passada, o Centro de Controle e Preven\u00e7\u00e3o de Doen\u00e7as Transmiss\u00edveis norte-americano (CDC, na sigla em ingl\u00eas) anunciou a confirma\u00e7\u00e3o da rela\u00e7\u00e3o entre o Zika e a ocorr\u00eancia de microcefalia em beb\u00eas cujas m\u00e3es foram infectadas pelo v\u00edrus. O estudo revisou rigoramente as evid\u00eancias j\u00e1 existentes e concluiu que o Zika \u00e9 a causa da microcefalia e outros danos cerebrais identificados em fetos.<\/p>\n<p>Paula Laboissi\u00e8re &#8211; Rep\u00f3rter da Ag\u00eancia Brasil<br \/>\nEdi\u00e7\u00e3o: Talita Cavalcante<br \/>\n25\/04\/2016<\/p>\n","protected":false},"excerpt":{"rendered":"<p>Boletim epidemiol\u00f3gico divulgado em 20\/04, pelo Minist\u00e9rio da Sa\u00fade, aponta que, at\u00e9 o dia 16 de abril, 1.168 casos de microcefalia e outras altera\u00e7\u00f5es do sistema nervoso sugestivas de infec\u00e7\u00e3o cong\u00eanita foram confirmados no pa\u00eds. Os n\u00fameros mostram ainda que 2.241 casos suspeitos foram descartados, enquanto 3.741 permanecem em investiga\u00e7\u00e3o. Os 1.168 casos confirmados ocorreram [&hellip;]<\/p>\n","protected":false},"author":2,"featured_media":57579,"comment_status":"open","ping_status":"closed","sticky":false,"template":"","format":"standard","meta":{"tdm_status":"","tdm_grid_status":"","footnotes":""},"categories":[22,5],"tags":[],"class_list":{"0":"post-84856","1":"post","2":"type-post","3":"status-publish","4":"format-standard","5":"has-post-thumbnail","7":"category-brasil","8":"category-saude-e-vida"},"_links":{"self":[{"href":"https:\/\/migracao.redenoticia.com.br\/noticia\/wp-json\/wp\/v2\/posts\/84856","targetHints":{"allow":["GET"]}}],"collection":[{"href":"https:\/\/migracao.redenoticia.com.br\/noticia\/wp-json\/wp\/v2\/posts"}],"about":[{"href":"https:\/\/migracao.redenoticia.com.br\/noticia\/wp-json\/wp\/v2\/types\/post"}],"author":[{"embeddable":true,"href":"https:\/\/migracao.redenoticia.com.br\/noticia\/wp-json\/wp\/v2\/users\/2"}],"replies":[{"embeddable":true,"href":"https:\/\/migracao.redenoticia.com.br\/noticia\/wp-json\/wp\/v2\/comments?post=84856"}],"version-history":[{"count":0,"href":"https:\/\/migracao.redenoticia.com.br\/noticia\/wp-json\/wp\/v2\/posts\/84856\/revisions"}],"wp:featuredmedia":[{"embeddable":true,"href":"https:\/\/migracao.redenoticia.com.br\/noticia\/wp-json\/wp\/v2\/media\/57579"}],"wp:attachment":[{"href":"https:\/\/migracao.redenoticia.com.br\/noticia\/wp-json\/wp\/v2\/media?parent=84856"}],"wp:term":[{"taxonomy":"category","embeddable":true,"href":"https:\/\/migracao.redenoticia.com.br\/noticia\/wp-json\/wp\/v2\/categories?post=84856"},{"taxonomy":"post_tag","embeddable":true,"href":"https:\/\/migracao.redenoticia.com.br\/noticia\/wp-json\/wp\/v2\/tags?post=84856"}],"curies":[{"name":"wp","href":"https:\/\/api.w.org\/{rel}","templated":true}]}}