{"id":84874,"date":"2016-04-22T15:16:34","date_gmt":"2016-04-22T18:16:34","guid":{"rendered":"http:\/\/www.redenoticia.com.br\/noticia\/?p=84874"},"modified":"2016-04-25T16:42:43","modified_gmt":"2016-04-25T19:42:43","slug":"novela-chamas-da-vida-resumo-2504-vilma-diz-a-tomas-que-vai-matar-arlete","status":"publish","type":"post","link":"https:\/\/migracao.redenoticia.com.br\/noticia\/2016\/novela-chamas-da-vida-resumo-2504-vilma-diz-a-tomas-que-vai-matar-arlete\/84874","title":{"rendered":"Novela \u201cChamas da Vida\u201d resumo 25\/04: Arlete planeja demiss\u00e3o de Vilma"},"content":{"rendered":"<p> <img loading=\"lazy\" decoding=\"async\" src=\"https:\/\/migracao.redenoticia.com.br\/noticia\/imagens\/chamas_da_vida_resumo_novela-150x112.jpeg\" alt=\"chamas_da_vida_resumo_novela\" width=\"150\" height=\"112\" class=\"alignleft size-thumbnail wp-image-82020\" \/><strong><em>Novela \u201cChamas da Vida\u201d resumo 25\/04<\/em><\/strong>: o plano de Arlete para expor Vilma \u00e0 imprensa d\u00e1 certo. Arlete garante que, com esta exposi\u00e7\u00e3o, \u00e9 poss\u00edvel afastar a vil\u00e3 da empresa. Ivonete diz que Vilma vai tentar matar Arlete. Carolina concorda e diz a Arlete para ter cuidado redobrado. Enquanto isso, Vilma diz a Tom\u00e1s que vai matar Arlete. Logo depois, Arlete diz a Walter que assim que sair o esc\u00e2ndalo no jornal, ela vai demitir Vilma.<\/p>\n<p>No capitulo 124 (*), novela \u201cChamas da Vida\u201d, segunda-feira, 25 de abril \u2013 Vivi grita o nome de Lipe. Todos se assustam. Vivi pergunta o que ele fez com C\u00edntia. Ant\u00f4nio pega no telefone. Lipe desliga e diz a C\u00edntia que Vivi n\u00e3o pode matar o filho deles. Ant\u00f4nio liga para Lipe e pergunta-lhe o que ele quer. Lipe pede para falar com Vivi. Ela atende. Lipe manda-a ir ter \u00e0 rua perto do col\u00e9gio. Lipe diz para Vivi deixar a pol\u00edcia e os irm\u00e3os de fora. Guga diz que Vivi n\u00e3o pode sair de casa. Ant\u00f4nio avisa Pedro. Ivonete chora de saudades de Tom\u00e1s. <\/p>\n<p>Guilherme diz que ficou a saber que \u00e9 soropositivo quando sofreu o acidente e, por isso, mudou o seu comportamento com ela. Michele \u00e9 dura com Guilherme e diz-lhe que n\u00e3o tinha o direito de lhe esconder nada. Guilherme diz que n\u00e3o a queria contagiar. Michele diz que Guilherme n\u00e3o confiou nela e sai a correr. Guilherme diz a Brito e a Roseclair que contou a Michele que tem SIDA. Ele diz que foi horr\u00edvel.  Vilma diz a Tom\u00e1s que \u00e9 imposs\u00edvel arranjar um emprego para Diego. Vilma afirma que Walter est\u00e1 a come\u00e7ar a suspeitar dela. Tom\u00e1s diz a Vilma que eles n\u00e3o podem perder a confian\u00e7a de Walter. Arlete diz a Walter que ele tem que cuidar da sa\u00fade. Pedro diz que Vivi n\u00e3o se vai encontrar com Lipe. O delegado diz que eles podem colocar uma escuta em Vivi. Pedro diz que Vivi n\u00e3o pode correr esse risco. Walter fica chateado ao saber da sa\u00fade de Guilherme. <\/p>\n<p>Arlete diz a Walter que assim que sair o esc\u00e2ndalo no jornal, ela vai demitir Vilma. Brito avisa Michele que Guilherme est\u00e1 internado com uma pneumonia. Carolina pergunta se ela voltou com Guilherme. Michele diz que s\u00e3o apenas amigos. Carolina pergunta se Michele ainda gosta de Pedro. Michele n\u00e3o responde. Leo diz a Marreta e a Manu que n\u00e3o os vai ajudar contra Ant\u00f4nio porque, mesmo gostando de Beatriz, n\u00e3o quer Ant\u00f4nio na cadeia. Vivi aproxima-se dos vag\u00f5es abandonados.<\/p>\n<p>(*) edi\u00e7\u00e3o da Rede Record, Novela \u201cChamas da Vida\u201d, sujeito a altera\u00e7\u00e3o de data e conte\u00fado.<\/p>\n","protected":false},"excerpt":{"rendered":"<p>Novela \u201cChamas da Vida\u201d resumo 25\/04: o plano de Arlete para expor Vilma \u00e0 imprensa d\u00e1 certo. Arlete garante que, com esta exposi\u00e7\u00e3o, \u00e9 poss\u00edvel afastar a vil\u00e3 da empresa. Ivonete diz que Vilma vai tentar matar Arlete. Carolina concorda e diz a Arlete para ter cuidado redobrado. Enquanto isso, Vilma diz a Tom\u00e1s que [&hellip;]<\/p>\n","protected":false},"author":2,"featured_media":82020,"comment_status":"open","ping_status":"closed","sticky":false,"template":"","format":"standard","meta":{"tdm_status":"","tdm_grid_status":"","footnotes":""},"categories":[379,371,343],"tags":[441],"class_list":{"0":"post-84874","1":"post","2":"type-post","3":"status-publish","4":"format-standard","5":"has-post-thumbnail","7":"category-novelas","8":"category-rede-record","9":"category-televisao","10":"tag-resumo-do-dia"},"_links":{"self":[{"href":"https:\/\/migracao.redenoticia.com.br\/noticia\/wp-json\/wp\/v2\/posts\/84874","targetHints":{"allow":["GET"]}}],"collection":[{"href":"https:\/\/migracao.redenoticia.com.br\/noticia\/wp-json\/wp\/v2\/posts"}],"about":[{"href":"https:\/\/migracao.redenoticia.com.br\/noticia\/wp-json\/wp\/v2\/types\/post"}],"author":[{"embeddable":true,"href":"https:\/\/migracao.redenoticia.com.br\/noticia\/wp-json\/wp\/v2\/users\/2"}],"replies":[{"embeddable":true,"href":"https:\/\/migracao.redenoticia.com.br\/noticia\/wp-json\/wp\/v2\/comments?post=84874"}],"version-history":[{"count":0,"href":"https:\/\/migracao.redenoticia.com.br\/noticia\/wp-json\/wp\/v2\/posts\/84874\/revisions"}],"wp:featuredmedia":[{"embeddable":true,"href":"https:\/\/migracao.redenoticia.com.br\/noticia\/wp-json\/wp\/v2\/media\/82020"}],"wp:attachment":[{"href":"https:\/\/migracao.redenoticia.com.br\/noticia\/wp-json\/wp\/v2\/media?parent=84874"}],"wp:term":[{"taxonomy":"category","embeddable":true,"href":"https:\/\/migracao.redenoticia.com.br\/noticia\/wp-json\/wp\/v2\/categories?post=84874"},{"taxonomy":"post_tag","embeddable":true,"href":"https:\/\/migracao.redenoticia.com.br\/noticia\/wp-json\/wp\/v2\/tags?post=84874"}],"curies":[{"name":"wp","href":"https:\/\/api.w.org\/{rel}","templated":true}]}}