{"id":84878,"date":"2016-04-22T18:19:41","date_gmt":"2016-04-22T21:19:41","guid":{"rendered":"http:\/\/www.redenoticia.com.br\/noticia\/?p=84878"},"modified":"2016-04-23T21:34:25","modified_gmt":"2016-04-24T00:34:25","slug":"novela-sila-resumo-2304-sila-chora-durante-a-fuga","status":"publish","type":"post","link":"https:\/\/migracao.redenoticia.com.br\/noticia\/2016\/novela-sila-resumo-2304-sila-chora-durante-a-fuga\/84878","title":{"rendered":"Novela \u201cSila\u201d resumo 23\/04: Sila chora durante a fuga"},"content":{"rendered":"<p> <img loading=\"lazy\" decoding=\"async\" src=\"https:\/\/migracao.redenoticia.com.br\/noticia\/imagens\/sila_band_novela_resumo_capitulo-150x112.jpg\" alt=\"sila_band_novela_resumo_capitulo\" width=\"150\" height=\"112\" class=\"alignleft size-thumbnail wp-image-83098\" srcset=\"https:\/\/migracao.redenoticia.com.br\/noticia\/imagens\/sila_band_novela_resumo_capitulo-150x112.jpg 150w, https:\/\/migracao.redenoticia.com.br\/noticia\/imagens\/sila_band_novela_resumo_capitulo-265x198.jpg 265w\" sizes=\"auto, (max-width: 150px) 100vw, 150px\" \/><strong><em> Novela \u201cSila\u201d resumo 23\/04<\/em><\/strong>: Emre planeja a fuga de Sila e a busca, mas Narin n\u00e3o concorda com a fuga e faz Azad desistir no caminho para o aeroporto. Sila tamb\u00e9m desiste da fuga, para poupar a vida de seu irm\u00e3o. Emre fica chateado. Logo depois, Narim pensa no assunto e concorda com o marido. Boran joga as coisas da ex-mulher do penhasco enquanto Sila foge de avi\u00e3o, mas chora durante a viagem. Ela n\u00e3o fica feliz em se separar da fam\u00edlia e de Boran.<\/p>\n<p>No capitulo 023 (*), novela \u201cSila\u201d, s\u00e1bado, 23 de abril \u2013 Boran e Sila comemoram anivers\u00e1rio na casa de campo. Dilan, a irm\u00e3 mais nova de Sila, ganha um concurso de poesias e viaja para receber o pr\u00eamio. O irm\u00e3o de Sila ganha uma bicicleta. Hussein rouba Boran para se casar com Ayse, mas ela descobre e desconfia da hist\u00f3ria. Sila fala com Emre. Azad planeja visita para \u00e0 m\u00e3e, acompanhado de Narin e Sila. Narin questiona Sila sobre Emre. Boran planeja viagem para Istambul. Sila \u00e9 processada pelo tio, que deseja tomar conta de toda a heran\u00e7a dela.<\/p>\n<p>Sila \u00e9 processada pelo tio, que deseja tomar conta de toda a heran\u00e7a dela. Boran presenteia Sila com um cavalo, mas ela se prepara para fugir com Narin e Azad. Boran joga as coisas da ex-mulher do penhasco enquanto Sila foge de avi\u00e3o. <\/p>\n<p>Sila chora durante a viagem. Dihan descobre a fuga de Sila antes de todos. Sila, Azad e Narin chegam a Istambul e se hospedam numa nova casa. Azad conta ao pai que fugiu. Boran manda desmontar o quarto de Yezda e traz flores para Sila.  <\/p>\n<p>(*) edi\u00e7\u00e3o da Band, Novela \u201cSila\u201d, sujeito a altera\u00e7\u00e3o de data e conte\u00fado. <\/p>\n","protected":false},"excerpt":{"rendered":"<p>Novela \u201cSila\u201d resumo 23\/04: Emre planeja a fuga de Sila e a busca, mas Narin n\u00e3o concorda com a fuga e faz Azad desistir no caminho para o aeroporto. Sila tamb\u00e9m desiste da fuga, para poupar a vida de seu irm\u00e3o. Emre fica chateado. Logo depois, Narim pensa no assunto e concorda com o marido. [&hellip;]<\/p>\n","protected":false},"author":2,"featured_media":83098,"comment_status":"open","ping_status":"closed","sticky":false,"template":"","format":"standard","meta":{"tdm_status":"","tdm_grid_status":"","footnotes":""},"categories":[390,379,343],"tags":[441],"class_list":{"0":"post-84878","1":"post","2":"type-post","3":"status-publish","4":"format-standard","5":"has-post-thumbnail","7":"category-band","8":"category-novelas","9":"category-televisao","10":"tag-resumo-do-dia"},"_links":{"self":[{"href":"https:\/\/migracao.redenoticia.com.br\/noticia\/wp-json\/wp\/v2\/posts\/84878","targetHints":{"allow":["GET"]}}],"collection":[{"href":"https:\/\/migracao.redenoticia.com.br\/noticia\/wp-json\/wp\/v2\/posts"}],"about":[{"href":"https:\/\/migracao.redenoticia.com.br\/noticia\/wp-json\/wp\/v2\/types\/post"}],"author":[{"embeddable":true,"href":"https:\/\/migracao.redenoticia.com.br\/noticia\/wp-json\/wp\/v2\/users\/2"}],"replies":[{"embeddable":true,"href":"https:\/\/migracao.redenoticia.com.br\/noticia\/wp-json\/wp\/v2\/comments?post=84878"}],"version-history":[{"count":0,"href":"https:\/\/migracao.redenoticia.com.br\/noticia\/wp-json\/wp\/v2\/posts\/84878\/revisions"}],"wp:featuredmedia":[{"embeddable":true,"href":"https:\/\/migracao.redenoticia.com.br\/noticia\/wp-json\/wp\/v2\/media\/83098"}],"wp:attachment":[{"href":"https:\/\/migracao.redenoticia.com.br\/noticia\/wp-json\/wp\/v2\/media?parent=84878"}],"wp:term":[{"taxonomy":"category","embeddable":true,"href":"https:\/\/migracao.redenoticia.com.br\/noticia\/wp-json\/wp\/v2\/categories?post=84878"},{"taxonomy":"post_tag","embeddable":true,"href":"https:\/\/migracao.redenoticia.com.br\/noticia\/wp-json\/wp\/v2\/tags?post=84878"}],"curies":[{"name":"wp","href":"https:\/\/api.w.org\/{rel}","templated":true}]}}