{"id":84906,"date":"2016-04-22T18:25:26","date_gmt":"2016-04-22T21:25:26","guid":{"rendered":"http:\/\/www.redenoticia.com.br\/noticia\/?p=84906"},"modified":"2016-04-22T18:25:26","modified_gmt":"2016-04-22T21:25:26","slug":"novela-totalmente-demais-resumo-2304-germano-agride-rafael","status":"publish","type":"post","link":"https:\/\/migracao.redenoticia.com.br\/noticia\/2016\/novela-totalmente-demais-resumo-2304-germano-agride-rafael\/84906","title":{"rendered":"Novela \u201cTotalmente Demais\u201d resumo 23\/04: Germano agride Rafael"},"content":{"rendered":"<p> <strong><em><img loading=\"lazy\" decoding=\"async\" class=\"alignleft size-thumbnail wp-image-76581\" src=\"https:\/\/migracao.redenoticia.com.br\/noticia\/imagens\/totalmente_demais_novela_resumo_globo-150x112.jpg\" alt=\"totalmente_demais_novela_resumo_globo\" width=\"150\" height=\"112\" srcset=\"https:\/\/migracao.redenoticia.com.br\/noticia\/imagens\/totalmente_demais_novela_resumo_globo-150x112.jpg 150w, https:\/\/migracao.redenoticia.com.br\/noticia\/imagens\/totalmente_demais_novela_resumo_globo-265x198.jpg 265w\" sizes=\"auto, (max-width: 150px) 100vw, 150px\" \/>Novela \u201cTotalmente Demais\u201d resumo 23\/04<\/em><\/strong>: o plano de Carolina e Rafael d\u00e1 certo. Ela conseguiu separar Arthur de Eliza e, Rafael, se vingar de Germano. Quando o empres\u00e1rio encontra Rafael, ele o agride. Depois vai atr\u00e1s de Carolina e a acusa de ter enviado as fotos para Lorena. Carol se defende e acusa Leila.<\/p>\n<p>No capitulo 144 (*), novela \u201cTotalmente Demais\u201d, s\u00e1bado, 23 de abril \u2013 Germano manda Z\u00e9 Pedro contatar Lorena para tirar as fotos de Eliza do site e convenc\u00ea-la a revelar quem lhe enviou o material. <\/p>\n<p>Aparecida comenta com Arthur que n\u00e3o acredita que Eliza o tenha tra\u00eddo. Germano agride Rafael, e Eliza aparta a briga entre os dois. <\/p>\n<p>Germano acusa Carolina de ter enviado as fotos para Lorena, e a jornalista se defende, acusando Leila. Leila desconfia quando Carolina a demite e a indica para outra revista. Jonatas apoia Leila. Lili ofende Rafael.  <\/p>\n<p>(*) edi\u00e7\u00e3o da Rede Globo, Novela \u201cTotalmente Demais\u201d, sujeito a altera\u00e7\u00e3o de data e conte\u00fado.<\/p>\n","protected":false},"excerpt":{"rendered":"<p>Novela \u201cTotalmente Demais\u201d resumo 23\/04: o plano de Carolina e Rafael d\u00e1 certo. Ela conseguiu separar Arthur de Eliza e, Rafael, se vingar de Germano. Quando o empres\u00e1rio encontra Rafael, ele o agride. Depois vai atr\u00e1s de Carolina e a acusa de ter enviado as fotos para Lorena. Carol se defende e acusa Leila. No [&hellip;]<\/p>\n","protected":false},"author":2,"featured_media":76581,"comment_status":"open","ping_status":"closed","sticky":false,"template":"","format":"standard","meta":{"tdm_status":"","tdm_grid_status":"","footnotes":""},"categories":[379,375,343],"tags":[441],"class_list":{"0":"post-84906","1":"post","2":"type-post","3":"status-publish","4":"format-standard","5":"has-post-thumbnail","7":"category-novelas","8":"category-rede-globo","9":"category-televisao","10":"tag-resumo-do-dia"},"_links":{"self":[{"href":"https:\/\/migracao.redenoticia.com.br\/noticia\/wp-json\/wp\/v2\/posts\/84906","targetHints":{"allow":["GET"]}}],"collection":[{"href":"https:\/\/migracao.redenoticia.com.br\/noticia\/wp-json\/wp\/v2\/posts"}],"about":[{"href":"https:\/\/migracao.redenoticia.com.br\/noticia\/wp-json\/wp\/v2\/types\/post"}],"author":[{"embeddable":true,"href":"https:\/\/migracao.redenoticia.com.br\/noticia\/wp-json\/wp\/v2\/users\/2"}],"replies":[{"embeddable":true,"href":"https:\/\/migracao.redenoticia.com.br\/noticia\/wp-json\/wp\/v2\/comments?post=84906"}],"version-history":[{"count":0,"href":"https:\/\/migracao.redenoticia.com.br\/noticia\/wp-json\/wp\/v2\/posts\/84906\/revisions"}],"wp:featuredmedia":[{"embeddable":true,"href":"https:\/\/migracao.redenoticia.com.br\/noticia\/wp-json\/wp\/v2\/media\/76581"}],"wp:attachment":[{"href":"https:\/\/migracao.redenoticia.com.br\/noticia\/wp-json\/wp\/v2\/media?parent=84906"}],"wp:term":[{"taxonomy":"category","embeddable":true,"href":"https:\/\/migracao.redenoticia.com.br\/noticia\/wp-json\/wp\/v2\/categories?post=84906"},{"taxonomy":"post_tag","embeddable":true,"href":"https:\/\/migracao.redenoticia.com.br\/noticia\/wp-json\/wp\/v2\/tags?post=84906"}],"curies":[{"name":"wp","href":"https:\/\/api.w.org\/{rel}","templated":true}]}}