{"id":84954,"date":"2016-04-23T17:50:04","date_gmt":"2016-04-23T20:50:04","guid":{"rendered":"http:\/\/www.redenoticia.com.br\/noticia\/?p=84954"},"modified":"2016-04-23T17:50:04","modified_gmt":"2016-04-23T20:50:04","slug":"novela-totalmente-demais-resumo-2504-rafael-protege-carolina","status":"publish","type":"post","link":"https:\/\/migracao.redenoticia.com.br\/noticia\/2016\/novela-totalmente-demais-resumo-2504-rafael-protege-carolina\/84954","title":{"rendered":"Novela \u201cTotalmente Demais\u201d resumo 25\/04: Rafael protege Carolina"},"content":{"rendered":"<p> <strong><em><img loading=\"lazy\" decoding=\"async\" class=\"alignleft size-thumbnail wp-image-76581\" src=\"https:\/\/migracao.redenoticia.com.br\/noticia\/imagens\/totalmente_demais_novela_resumo_globo-150x112.jpg\" alt=\"totalmente_demais_novela_resumo_globo\" width=\"150\" height=\"112\" srcset=\"https:\/\/migracao.redenoticia.com.br\/noticia\/imagens\/totalmente_demais_novela_resumo_globo-150x112.jpg 150w, https:\/\/migracao.redenoticia.com.br\/noticia\/imagens\/totalmente_demais_novela_resumo_globo-265x198.jpg 265w\" sizes=\"auto, (max-width: 150px) 100vw, 150px\" \/>Novela \u201cTotalmente Demais\u201d resumo 25\/04<\/em><\/strong>: ao ser surpreendida por Germano na reda\u00e7\u00e3o da TD+, Carolina confessa que fez as fotos que mostram Eliza e Rafael dormindo juntos, mas j\u00e1 a divulga\u00e7\u00e3o delas, segundo a poderosa, foi culpa de Leila. Carol reconhece o erro, mas diz que queria esfregar as imagens na cara de Arthur. O executivo fica irritado. Leila come\u00e7a a investigar a trama. Rafael garante a Leila e Jonatas que n\u00e3o aconteceu nada entre ele e Eliza, mas n\u00e3o revela que foi Carolina quem divulgou as fotos.<\/p>\n<p>No capitulo 145 (*), novela \u201cTotalmente Demais\u201d, segunda-feira, 25 de abril \u2013 Lili afirma que n\u00e3o quer mais ver Rafael. Carolina comenta com Dorinha que o resultado dos exames preparat\u00f3rios para sua gravidez chegar\u00e3o em breve. <\/p>\n<p>Rafael garante a Leila e Jonatas que n\u00e3o aconteceu nada entre ele e Eliza, mas n\u00e3o revela que foi Carolina quem divulgou as fotos. Joj\u00f4 culpa Eliza pelo sofrimento de Arthur. <\/p>\n<p>Eliza aceita o convite de Sofia para jantar.  <\/p>\n<p>(*) edi\u00e7\u00e3o da Rede Globo, Novela \u201cTotalmente Demais\u201d, sujeito a altera\u00e7\u00e3o de data e conte\u00fado.<\/p>\n","protected":false},"excerpt":{"rendered":"<p>Novela \u201cTotalmente Demais\u201d resumo 25\/04: ao ser surpreendida por Germano na reda\u00e7\u00e3o da TD+, Carolina confessa que fez as fotos que mostram Eliza e Rafael dormindo juntos, mas j\u00e1 a divulga\u00e7\u00e3o delas, segundo a poderosa, foi culpa de Leila. Carol reconhece o erro, mas diz que queria esfregar as imagens na cara de Arthur. O [&hellip;]<\/p>\n","protected":false},"author":2,"featured_media":77337,"comment_status":"open","ping_status":"closed","sticky":false,"template":"","format":"standard","meta":{"tdm_status":"","tdm_grid_status":"","footnotes":""},"categories":[379,375,343],"tags":[441],"class_list":{"0":"post-84954","1":"post","2":"type-post","3":"status-publish","4":"format-standard","5":"has-post-thumbnail","7":"category-novelas","8":"category-rede-globo","9":"category-televisao","10":"tag-resumo-do-dia"},"_links":{"self":[{"href":"https:\/\/migracao.redenoticia.com.br\/noticia\/wp-json\/wp\/v2\/posts\/84954","targetHints":{"allow":["GET"]}}],"collection":[{"href":"https:\/\/migracao.redenoticia.com.br\/noticia\/wp-json\/wp\/v2\/posts"}],"about":[{"href":"https:\/\/migracao.redenoticia.com.br\/noticia\/wp-json\/wp\/v2\/types\/post"}],"author":[{"embeddable":true,"href":"https:\/\/migracao.redenoticia.com.br\/noticia\/wp-json\/wp\/v2\/users\/2"}],"replies":[{"embeddable":true,"href":"https:\/\/migracao.redenoticia.com.br\/noticia\/wp-json\/wp\/v2\/comments?post=84954"}],"version-history":[{"count":0,"href":"https:\/\/migracao.redenoticia.com.br\/noticia\/wp-json\/wp\/v2\/posts\/84954\/revisions"}],"wp:featuredmedia":[{"embeddable":true,"href":"https:\/\/migracao.redenoticia.com.br\/noticia\/wp-json\/wp\/v2\/media\/77337"}],"wp:attachment":[{"href":"https:\/\/migracao.redenoticia.com.br\/noticia\/wp-json\/wp\/v2\/media?parent=84954"}],"wp:term":[{"taxonomy":"category","embeddable":true,"href":"https:\/\/migracao.redenoticia.com.br\/noticia\/wp-json\/wp\/v2\/categories?post=84954"},{"taxonomy":"post_tag","embeddable":true,"href":"https:\/\/migracao.redenoticia.com.br\/noticia\/wp-json\/wp\/v2\/tags?post=84954"}],"curies":[{"name":"wp","href":"https:\/\/api.w.org\/{rel}","templated":true}]}}