{"id":84964,"date":"2016-04-23T16:46:17","date_gmt":"2016-04-23T19:46:17","guid":{"rendered":"http:\/\/www.redenoticia.com.br\/noticia\/?p=84964"},"modified":"2016-04-23T19:25:15","modified_gmt":"2016-04-23T22:25:15","slug":"novela-cumplices-de-um-resgate-resumo-2504-meire-faz-novo-penteado","status":"publish","type":"post","link":"https:\/\/migracao.redenoticia.com.br\/noticia\/2016\/novela-cumplices-de-um-resgate-resumo-2504-meire-faz-novo-penteado\/84964","title":{"rendered":"Novela \u201cC\u00famplices de um Resgate\u201d resumo 25\/04: Meire faz novo penteado"},"content":{"rendered":"<p> <img loading=\"lazy\" decoding=\"async\" src=\"https:\/\/migracao.redenoticia.com.br\/noticia\/imagens\/cumplices_de_um_resgate_sbt_novela_resumo-150x112.jpg\" alt=\"cumplices_de_um_resgate_sbt_novela_resumo\" width=\"150\" height=\"112\" class=\"alignleft size-thumbnail wp-image-71351\" srcset=\"https:\/\/migracao.redenoticia.com.br\/noticia\/imagens\/cumplices_de_um_resgate_sbt_novela_resumo-150x112.jpg 150w, https:\/\/migracao.redenoticia.com.br\/noticia\/imagens\/cumplices_de_um_resgate_sbt_novela_resumo-265x198.jpg 265w\" sizes=\"auto, (max-width: 150px) 100vw, 150px\" \/><strong><em>Novela \u201cC\u00famplices de um Resgate\u201d resumo 25\/04<\/em><\/strong>: preocupada com a amiga, Lola decide maquiar Meire, que foi chamada de feia. Logo depois, Helena se depara com a s\u00edndica e se assusta com a maquiagem dela. A veterin\u00e1ria aconselha Meire e diz que ela deveria tirar o excesso da maquiagem e mudar um pouco de visual. Meire segue o conselho, escolhe um vestido diferente e faz um novo penteado.  <\/p>\n<p>No cap\u00edtulo 191(*), novela \u201cC\u00famplice de um Resgate\u201d, segunda-feira, 25 de abril \u2013 Lola decide maquiar Meire, que foi chamada de feia. Helena se depara com a s\u00edndica e se assusta com a maquiagem dela. A veterin\u00e1ria diz que Meire deveria tirar o excesso da maquiagem e mudar um pouco de visual. D\u00f3ris segue o pai e o v\u00ea conversando com Flora. A menina entende tudo errado e pensa que o pai dela possui uma amante. Regina for\u00e7a Joaquim a se declarar para Priscila em plena coletiva de imprensa. <\/p>\n<p>Ot\u00e1vio envia uma caixa com borboletas para Rebeca. Pastor Augusto se declara para Flavia. Nair v\u00ea os dois e reclama sozinha. Isabela diz para Marina contar a verdade para Of\u00e9lio sobre fingir ter perdido a mem\u00f3ria. Meire veste um vestido diferente, com novo penteado. Fausto vai atr\u00e1s de Helena no apartamento e ela pede para Dinho dizer que ela n\u00e3o est\u00e1. Come\u00e7a a coletiva de imprensa sobre o novo CD da banda C1R. <\/p>\n<p>Regina apresenta os integrantes e Arthur abre para perguntas da imprensa. Ao responder a quest\u00e3o da jornalista do SBT em Revista sobre haver uma paix\u00e3o no grupo, Joaquim se levanta para revelar por quem est\u00e1 apaixonado. No vilarejo, T\u00e9o ouve Manuela dizer que \u00e9 Isabela ao telefone. <\/p>\n<p>(*) edi\u00e7\u00e3o do SBT, Novela \u201cC\u00famplices de um Resgate\u201d, sujeito a altera\u00e7\u00e3o de data e conte\u00fado.<\/p>\n","protected":false},"excerpt":{"rendered":"<p>Novela \u201cC\u00famplices de um Resgate\u201d resumo 25\/04: preocupada com a amiga, Lola decide maquiar Meire, que foi chamada de feia. Logo depois, Helena se depara com a s\u00edndica e se assusta com a maquiagem dela. A veterin\u00e1ria aconselha Meire e diz que ela deveria tirar o excesso da maquiagem e mudar um pouco de visual. [&hellip;]<\/p>\n","protected":false},"author":2,"featured_media":71351,"comment_status":"open","ping_status":"closed","sticky":false,"template":"","format":"standard","meta":{"tdm_status":"","tdm_grid_status":"","footnotes":""},"categories":[379,372,343],"tags":[441],"class_list":{"0":"post-84964","1":"post","2":"type-post","3":"status-publish","4":"format-standard","5":"has-post-thumbnail","7":"category-novelas","8":"category-sbt","9":"category-televisao","10":"tag-resumo-do-dia"},"_links":{"self":[{"href":"https:\/\/migracao.redenoticia.com.br\/noticia\/wp-json\/wp\/v2\/posts\/84964","targetHints":{"allow":["GET"]}}],"collection":[{"href":"https:\/\/migracao.redenoticia.com.br\/noticia\/wp-json\/wp\/v2\/posts"}],"about":[{"href":"https:\/\/migracao.redenoticia.com.br\/noticia\/wp-json\/wp\/v2\/types\/post"}],"author":[{"embeddable":true,"href":"https:\/\/migracao.redenoticia.com.br\/noticia\/wp-json\/wp\/v2\/users\/2"}],"replies":[{"embeddable":true,"href":"https:\/\/migracao.redenoticia.com.br\/noticia\/wp-json\/wp\/v2\/comments?post=84964"}],"version-history":[{"count":0,"href":"https:\/\/migracao.redenoticia.com.br\/noticia\/wp-json\/wp\/v2\/posts\/84964\/revisions"}],"wp:featuredmedia":[{"embeddable":true,"href":"https:\/\/migracao.redenoticia.com.br\/noticia\/wp-json\/wp\/v2\/media\/71351"}],"wp:attachment":[{"href":"https:\/\/migracao.redenoticia.com.br\/noticia\/wp-json\/wp\/v2\/media?parent=84964"}],"wp:term":[{"taxonomy":"category","embeddable":true,"href":"https:\/\/migracao.redenoticia.com.br\/noticia\/wp-json\/wp\/v2\/categories?post=84964"},{"taxonomy":"post_tag","embeddable":true,"href":"https:\/\/migracao.redenoticia.com.br\/noticia\/wp-json\/wp\/v2\/tags?post=84964"}],"curies":[{"name":"wp","href":"https:\/\/api.w.org\/{rel}","templated":true}]}}