{"id":84966,"date":"2016-04-23T16:47:45","date_gmt":"2016-04-23T19:47:45","guid":{"rendered":"http:\/\/www.redenoticia.com.br\/noticia\/?p=84966"},"modified":"2016-04-23T19:25:44","modified_gmt":"2016-04-23T22:25:44","slug":"novela-meu-coracao-e-teu-resumo-2504-isabela-desconta-ira-em-sebastiao","status":"publish","type":"post","link":"https:\/\/migracao.redenoticia.com.br\/noticia\/2016\/novela-meu-coracao-e-teu-resumo-2504-isabela-desconta-ira-em-sebastiao\/84966","title":{"rendered":"Novela \u201cMeu Cora\u00e7\u00e3o \u00e9 Teu\u201d resumo 25\/04: Isabela desconta ira em Sebasti\u00e3o"},"content":{"rendered":"<p> <img loading=\"lazy\" decoding=\"async\" src=\"https:\/\/migracao.redenoticia.com.br\/noticia\/imagens\/meu_coracao_e_teu_novela_resumo_sbt-150x112.jpg\" alt=\"meu_coracao_e_teu_novela_resumo_sbt\" width=\"150\" height=\"112\" class=\"alignleft size-thumbnail wp-image-82119\" srcset=\"https:\/\/migracao.redenoticia.com.br\/noticia\/imagens\/meu_coracao_e_teu_novela_resumo_sbt-150x112.jpg 150w, https:\/\/migracao.redenoticia.com.br\/noticia\/imagens\/meu_coracao_e_teu_novela_resumo_sbt-265x198.jpg 265w\" sizes=\"auto, (max-width: 150px) 100vw, 150px\" \/><strong><em>Novela \u201cMeu Cora\u00e7\u00e3o \u00e9 Teu\u201d resumo 25\/04<\/em><\/strong>: os g\u00eameos colocam bigodes em Isabela enquanto ela dorme, para se vingarem do ela fez com seus cadernos. Isabela acorda, fica furiosa e desconta sua ira em Sebasti\u00e3o. Ele chora e conta a Ana tudo o que Isabela lhe disse. Ana fica furiosa, confronta Isabela e diz que vai contar tudo a Fernando. Sebasti\u00e3o a impede, pois o trabalho da bab\u00e1 estaria em jogo. Ana o diz que tudo que a importa \u00e9 que as crian\u00e7as estejam bem.<\/p>\n<p>No cap\u00edtulo 041 (*), novela \u201cMeu Cora\u00e7\u00e3o \u00e9 Teu\u201d, segunda-feira, 25 de abril \u2013 Nando enfrenta a m\u00e3e de Helena e diz que ela nunca se importou com a filha. Fernando e Fanny falam com Nando, j\u00e1 que ele se afetou muito com a debilidade de Helena. Johnny consegue trabalho na TV, fazendo um programete de humor. Yolanda confessa a Bruno que no passado cantava em caminh\u00f5es para sobreviver e teve duas filhas. Os g\u00eameos colocam bigodes em Isabela enquanto ela dorme para se vingarem do ela fez com seus cadernos. Isabela acorda e fica furiosa, descontando sua ira em Sebasti\u00e3o. Sebasti\u00e3o chora copiosamente e pede a Ana que v\u00e1 v\u00ea-lo. Paulina abandona Helena no hospital e volta para a Europa. Antes ela diz \u00e0 filha que Nando nunca a amar\u00e1, pois ela est\u00e1 louca. Henrique leva Fanny a sua casa e tenta conquist\u00e1-la. Ana diz a Jennifer que o vestido que fez para a festa de quinze anos de Alicia ficou muito bonito. Nicolas fala com Johnny sobre o que sente por Jennifer. <\/p>\n<p>Sebasti\u00e3o conta a Ana tudo o que Isabela lhe disse. Ana fica furiosa.\u00a0Henrique diz a Fernando que sua fam\u00edlia \u00e9 como a dele, pois tamb\u00e9m s\u00f3 tem seu pai. O que Fernando n\u00e3o sabe \u00e9 que Henrique acredita que seu pai est\u00e1 doente por culpa de Fernando e deseja vingan\u00e7a. Ana confronta Isabela pelo que ela fez a Sebasti\u00e3o. Ana fala que dir\u00e1 tudo a Fernando, mas Sebasti\u00e3o a impede, pois o trabalho da bab\u00e1 estaria em jogo. Ana o diz que tudo que a importa \u00e9 que as crian\u00e7as estejam bem. Nicolas est\u00e1 preocupado de perder Jennifer por n\u00e3o poder formar uma fam\u00edlia com ela. Bruno rouba brinquedos quebrados das crian\u00e7as. Ana sonha que tem que escolher entre Fernando e Diego para se casar e ao final fica sem nenhum dos dois. Luz adoece durante a noite. Fernando tenta ajud\u00e1-la, mas ao ver que n\u00e3o consegue chama Ana, que chega rapidamente e faz Luz se sentir melhor. Isabela confessa a Yolanda que est\u00e1 farta das crian\u00e7as. <\/p>\n<p>Nicolas diz a Jennifer que vai cancelar o casamento por ser velho demais para formar fam\u00edlia e adotar uma crian\u00e7a. Fernando entra no quarto de Ana e a pede que volte a viver na mans\u00e3o para ficar pr\u00f3xima \u00e0s crian\u00e7as. Luz fica muito feliz ao saber que Ana voltar\u00e1 a viver com ela. Bruno tamb\u00e9m se alegra. Ana pede a Fernando que leve Sebasti\u00e3o ao psic\u00f3logo e ele agradece Ana por seus bons conselhos. Henrique e Isabela s\u00e3o amantes. Henrique vive no mesmo edif\u00edcio que Diego Lascurain. Ana passa pelo quarto de Yolanda e a ouve cantar a mesma can\u00e7\u00e3o que sua m\u00e3e cantava. Ana interrompe Yolanda enquanto estava cantando. Fanny descobre o di\u00e1rio de Alicia e l\u00ea a p\u00e1gina onde ela diz estar apaixonada por Gustavo. Fanny pede a Alicia que se esque\u00e7a de Gustavo, porque ele n\u00e3o a ama. Alicia responde que n\u00e3o, pois pretende conquist\u00e1-lo na noite de sua festa de quinze anos.   <\/p>\n<p>(*) edi\u00e7\u00e3o do SBT, Novela \u201cMeu Cora\u00e7\u00e3o \u00e9 Teu\u201d, sujeito a altera\u00e7\u00e3o de data e conte\u00fado.<\/p>\n","protected":false},"excerpt":{"rendered":"<p>Novela \u201cMeu Cora\u00e7\u00e3o \u00e9 Teu\u201d resumo 25\/04: os g\u00eameos colocam bigodes em Isabela enquanto ela dorme, para se vingarem do ela fez com seus cadernos. Isabela acorda, fica furiosa e desconta sua ira em Sebasti\u00e3o. Ele chora e conta a Ana tudo o que Isabela lhe disse. Ana fica furiosa, confronta Isabela e diz que [&hellip;]<\/p>\n","protected":false},"author":2,"featured_media":82119,"comment_status":"open","ping_status":"closed","sticky":false,"template":"","format":"standard","meta":{"tdm_status":"","tdm_grid_status":"","footnotes":""},"categories":[379,372,343],"tags":[441],"class_list":{"0":"post-84966","1":"post","2":"type-post","3":"status-publish","4":"format-standard","5":"has-post-thumbnail","7":"category-novelas","8":"category-sbt","9":"category-televisao","10":"tag-resumo-do-dia"},"_links":{"self":[{"href":"https:\/\/migracao.redenoticia.com.br\/noticia\/wp-json\/wp\/v2\/posts\/84966","targetHints":{"allow":["GET"]}}],"collection":[{"href":"https:\/\/migracao.redenoticia.com.br\/noticia\/wp-json\/wp\/v2\/posts"}],"about":[{"href":"https:\/\/migracao.redenoticia.com.br\/noticia\/wp-json\/wp\/v2\/types\/post"}],"author":[{"embeddable":true,"href":"https:\/\/migracao.redenoticia.com.br\/noticia\/wp-json\/wp\/v2\/users\/2"}],"replies":[{"embeddable":true,"href":"https:\/\/migracao.redenoticia.com.br\/noticia\/wp-json\/wp\/v2\/comments?post=84966"}],"version-history":[{"count":0,"href":"https:\/\/migracao.redenoticia.com.br\/noticia\/wp-json\/wp\/v2\/posts\/84966\/revisions"}],"wp:featuredmedia":[{"embeddable":true,"href":"https:\/\/migracao.redenoticia.com.br\/noticia\/wp-json\/wp\/v2\/media\/82119"}],"wp:attachment":[{"href":"https:\/\/migracao.redenoticia.com.br\/noticia\/wp-json\/wp\/v2\/media?parent=84966"}],"wp:term":[{"taxonomy":"category","embeddable":true,"href":"https:\/\/migracao.redenoticia.com.br\/noticia\/wp-json\/wp\/v2\/categories?post=84966"},{"taxonomy":"post_tag","embeddable":true,"href":"https:\/\/migracao.redenoticia.com.br\/noticia\/wp-json\/wp\/v2\/tags?post=84966"}],"curies":[{"name":"wp","href":"https:\/\/api.w.org\/{rel}","templated":true}]}}