{"id":84968,"date":"2016-04-23T16:48:48","date_gmt":"2016-04-23T19:48:48","guid":{"rendered":"http:\/\/www.redenoticia.com.br\/noticia\/?p=84968"},"modified":"2016-04-23T19:25:01","modified_gmt":"2016-04-23T22:25:01","slug":"novela-abismo-da-paixao-resumo-2504-carmen-decide-se-afastar-de-edmundo","status":"publish","type":"post","link":"https:\/\/migracao.redenoticia.com.br\/noticia\/2016\/novela-abismo-da-paixao-resumo-2504-carmen-decide-se-afastar-de-edmundo\/84968","title":{"rendered":"Novela \u201cAbismo da Paix\u00e3o\u201d resumo 25\/04: Carmen decide se afastar de Edmundo"},"content":{"rendered":"<p> <img loading=\"lazy\" decoding=\"async\" class=\"alignleft size-thumbnail wp-image-81978\" src=\"https:\/\/migracao.redenoticia.com.br\/noticia\/imagens\/abismo_de_paixao_sbt_resumo_novela-150x112.jpg\" alt=\"abismo_de_paixao_sbt_resumo_novela\" width=\"150\" height=\"112\" srcset=\"https:\/\/migracao.redenoticia.com.br\/noticia\/imagens\/abismo_de_paixao_sbt_resumo_novela-150x112.jpg 150w, https:\/\/migracao.redenoticia.com.br\/noticia\/imagens\/abismo_de_paixao_sbt_resumo_novela-265x198.jpg 265w\" sizes=\"auto, (max-width: 150px) 100vw, 150px\" \/><strong><em>Novela \u201cAbismo da Paix\u00e3o\u201d resumo 25\/04<\/em><\/strong>: Augusto desconfia de Carmem e diz que ela deve lhe dizer tudo o que ocorre com sua sa\u00fade, pois ai acompanh\u00e1-la sempre em suas visitas ao doutor. Carmen responde que n\u00e3o \u00e9 necess\u00e1rio, mas o manter\u00e1 sempre informado sobre tudo. Logo depois, Carmen diz a Edmundo que est\u00e1 muito pesarosa pelo que ocorreu entre eles, pois ambos s\u00e3o casados. Ela ainda o diz que n\u00e3o pode repetir a mesma hist\u00f3ria de sua irm\u00e3, pois Augusto n\u00e3o resistiria. Preocupada, Elisa pergunta ao Doutor o que sua tia Carmen tem. Ele a responde que n\u00e3o pode dar nenhum prognostico at\u00e9 obter os resultados dos exames.\u00a0 <\/p>\n<p>No cap\u00edtulo 021 (*), novela \u201cAbismo da Paix\u00e3o\u201d, segunda-feira, 25 de abril &#8211; Augusto exige a Edmundo que lhe diga o que faz no quarto de Carmen. Ambos se surpreendem ao v\u00ea-lo. Augusto encontra Edmundo saindo do quarto de Carmen e pergunta o que ele faz ali. Carmen se finge de ofendida e o questiona se ele realmente acredita que eles estavam fazendo algo de mal. Flor\u00eancia diz a Dami\u00e3o que est\u00e1 arrependida pelo ocorrido na noite anterior, por isso pediu perd\u00e3o a Elisa e a convidou para a festa. Paulo procura Elisa na casa de Branca. Como ela n\u00e3o est\u00e1, pede a Branca o endere\u00e7o da casa de Elisa. Branca responde que a afilhada nunca falou sobre ele e, como n\u00e3o o conhece n\u00e3o se sente confort\u00e1vel em fornecer essa informa\u00e7\u00e3o. Augusto diz a Carmen que ela deve lhe dizer tudo o que ocorre com sua sa\u00fade, pois daquele momento em diante vai acompanh\u00e1-la sempre em suas visitas ao doutor. Carmen responde que n\u00e3o \u00e9 necess\u00e1rio, mas o manter\u00e1 sempre informado sobre tudo. <\/p>\n<p>Elisa pergunta ao Doutor o que sua tia Carmen tem. Ele a responde que n\u00e3o pode dar nenhum prognostico at\u00e9 obter os resultados dos exames.\u00a0Lucio diz a Augusto que Elisa est\u00e1 morando com ele, e que parece terr\u00edvel que ele tenha expulsado a pr\u00f3pria filha de casa, e tamb\u00e9m que desde a morte de Estef\u00e2nia ele apenas tratou a filha como uma carga. Augusto, zangado, responde que nem tem certeza se Elisa \u00e9 sua filha, j\u00e1 que Estef\u00e2nia e Rog\u00e9rio foram amantes por muitos anos. Lucio ent\u00e3o sugere que Augusto fa\u00e7a um exame de DNA. Gael confessa a Elisa seu amor. Ela o diz que tamb\u00e9m gosta muito dele, mas como um irm\u00e3o. Augusto pede perd\u00e3o a Elisa e pede que ela volte a sua casa. Elisa confessa a Paloma que est\u00e1 apaixonada por Dami\u00e3o e morre de ci\u00fames por saber que ele se casar\u00e1 com outra mulher.\u00a0<\/p>\n<p>Elisa confessa a Paloma que est\u00e1 apaixonada por Dami\u00e3o. Paloma diz que lute por ele e se esque\u00e7a das intrigas de Carmen e de Flor\u00eancia. Carmen responde que essa luta ela j\u00e1 perdeu, pois Dami\u00e3o ir\u00e1 se casar com outra mulher. Paloma aconselha Elisa a n\u00e3o se dar por vencida antes de lutar. Carmen diz a Edmundo que est\u00e1 muito pesarosa pelo que ocorreu entre eles, pois ambos s\u00e3o casados. Ela ainda o diz que n\u00e3o pode repetir a mesma hist\u00f3ria de sua irm\u00e3, pois Augusto n\u00e3o resistiria. Augusto diz a Edmundo que quer saber se pode confiar nele, pois est\u00e1 pensando seriamente em fazer uma prova de DNA para saber se Elisa realmente \u00e9 sua filha. Paulo comenta com Flor\u00eancia que Elisa n\u00e3o quer ir a festa. Flor\u00eancia responde que pelo que ela sabe Elisa n\u00e3o quer ir com ele, mas ir\u00e1 a festa. Paulo, soberbo, diz que \u00e9 obvio que Elisa quer ir com ele. Dami\u00e3o furioso o adverte que se o ver pr\u00f3ximo a Elisa, o mandar\u00e1 embora na mesma hora de sua fazenda. Flor\u00eancia diz a Dami\u00e3o que se Paulo for, ela ir\u00e1 com ele.<\/p>\n<p>(*) edi\u00e7\u00e3o do SBT, Novela \u201cAbismo da Paix\u00e3o\u201d, sujeito a altera\u00e7\u00e3o de data e conte\u00fado.<\/p>\n","protected":false},"excerpt":{"rendered":"<p>Novela \u201cAbismo da Paix\u00e3o\u201d resumo 25\/04: Augusto desconfia de Carmem e diz que ela deve lhe dizer tudo o que ocorre com sua sa\u00fade, pois ai acompanh\u00e1-la sempre em suas visitas ao doutor. Carmen responde que n\u00e3o \u00e9 necess\u00e1rio, mas o manter\u00e1 sempre informado sobre tudo. Logo depois, Carmen diz a Edmundo que est\u00e1 muito [&hellip;]<\/p>\n","protected":false},"author":2,"featured_media":81978,"comment_status":"open","ping_status":"closed","sticky":false,"template":"","format":"standard","meta":{"tdm_status":"","tdm_grid_status":"","footnotes":""},"categories":[379,372,343],"tags":[441],"class_list":{"0":"post-84968","1":"post","2":"type-post","3":"status-publish","4":"format-standard","5":"has-post-thumbnail","7":"category-novelas","8":"category-sbt","9":"category-televisao","10":"tag-resumo-do-dia"},"_links":{"self":[{"href":"https:\/\/migracao.redenoticia.com.br\/noticia\/wp-json\/wp\/v2\/posts\/84968","targetHints":{"allow":["GET"]}}],"collection":[{"href":"https:\/\/migracao.redenoticia.com.br\/noticia\/wp-json\/wp\/v2\/posts"}],"about":[{"href":"https:\/\/migracao.redenoticia.com.br\/noticia\/wp-json\/wp\/v2\/types\/post"}],"author":[{"embeddable":true,"href":"https:\/\/migracao.redenoticia.com.br\/noticia\/wp-json\/wp\/v2\/users\/2"}],"replies":[{"embeddable":true,"href":"https:\/\/migracao.redenoticia.com.br\/noticia\/wp-json\/wp\/v2\/comments?post=84968"}],"version-history":[{"count":0,"href":"https:\/\/migracao.redenoticia.com.br\/noticia\/wp-json\/wp\/v2\/posts\/84968\/revisions"}],"wp:featuredmedia":[{"embeddable":true,"href":"https:\/\/migracao.redenoticia.com.br\/noticia\/wp-json\/wp\/v2\/media\/81978"}],"wp:attachment":[{"href":"https:\/\/migracao.redenoticia.com.br\/noticia\/wp-json\/wp\/v2\/media?parent=84968"}],"wp:term":[{"taxonomy":"category","embeddable":true,"href":"https:\/\/migracao.redenoticia.com.br\/noticia\/wp-json\/wp\/v2\/categories?post=84968"},{"taxonomy":"post_tag","embeddable":true,"href":"https:\/\/migracao.redenoticia.com.br\/noticia\/wp-json\/wp\/v2\/tags?post=84968"}],"curies":[{"name":"wp","href":"https:\/\/api.w.org\/{rel}","templated":true}]}}