{"id":84970,"date":"2016-04-23T16:50:57","date_gmt":"2016-04-23T19:50:57","guid":{"rendered":"http:\/\/www.redenoticia.com.br\/noticia\/?p=84970"},"modified":"2016-04-26T20:00:16","modified_gmt":"2016-04-26T23:00:16","slug":"novela-cuidado-com-o-anjo-resumo-2504-joao-miguel-investiga-rafael-e-malu","status":"publish","type":"post","link":"https:\/\/migracao.redenoticia.com.br\/noticia\/2016\/novela-cuidado-com-o-anjo-resumo-2504-joao-miguel-investiga-rafael-e-malu\/84970","title":{"rendered":"Novela \u201cCuidado com o Anjo\u201d resumo 25\/04: Jo\u00e3o Miguel investiga Rafael e Mal\u00fa"},"content":{"rendered":"<p> <img loading=\"lazy\" decoding=\"async\" src=\"https:\/\/migracao.redenoticia.com.br\/noticia\/imagens\/cuidado-com-o-anjo-novela-resumo-capitulo-sbt-episodio-150x112.jpg\" alt=\"cuidado com o anjo novela resumo capitulo sbt episodio\" width=\"150\" height=\"112\" class=\"alignleft size-thumbnail wp-image-82049\" srcset=\"https:\/\/migracao.redenoticia.com.br\/noticia\/imagens\/cuidado-com-o-anjo-novela-resumo-capitulo-sbt-episodio-150x112.jpg 150w, https:\/\/migracao.redenoticia.com.br\/noticia\/imagens\/cuidado-com-o-anjo-novela-resumo-capitulo-sbt-episodio-265x198.jpg 265w\" sizes=\"auto, (max-width: 150px) 100vw, 150px\" \/><strong><em>Novela \u201cCuidado com o Anjo\u201d resumo 25\/04<\/em><\/strong>: Ana J\u00falia coloca mais uma d\u00favida na cabe\u00e7a de Mal\u00fa e diz que Jo\u00e3o Miguel j\u00e1 deve ter refeito sua vida com outra mulher, e talvez at\u00e9 tenha seu primeiro filho com ela. Mal\u00fa acredita e fala que est\u00e1 pronta para se vingar de Jo\u00e3o Miguel. Of\u00e9lia tenta convencer Mal\u00fa a perdoar Jo\u00e3o Miguel, mas ela est\u00e1 muito magoada e afirma que o far\u00e1 pagar por t\u00ea-la enganado. Enquanto isso, Jo\u00e3o Miguel pergunta a Rafael se ele e Mal\u00fa s\u00e3o namorados.<\/p>\n<p>No capitulo 106(*), novela \u201cCuidado com o Anjo\u201d, segunda-feira, 25 de abril \u2013 Rafael presenteia Mal\u00fa com um c\u00e3o guia. Rosa conta a Jo\u00e3o Miguel que est\u00e1 namorando Daniel e afirma que entre ele e Mal\u00fa nunca houve nada. Jo\u00e3o Miguel n\u00e3o se convence e diz que precisa ouvir isso da pr\u00f3pria Mal\u00fa. Mal\u00fa comenta com Ana J\u00falia que Rosa e Daniel est\u00e3o juntos, a maldosa aproveita para colocar mais uma d\u00favida na cabe\u00e7a de Mal\u00fa dizendo que Jo\u00e3o Miguel j\u00e1 deve ter refeito sua vida com outra mulher e talvez at\u00e9 esteja esperando seu primeiro filho com ela. <\/p>\n<p>Desiludida, Mal\u00fa fala que est\u00e1 pronta para se vingar de Jo\u00e3o Miguel. Ana J\u00falia se recusa a ajudar Amador, depois procura o padre Anselmo, confessa seus pecados e conta que fez amor com Amador. A garota fica furiosa quando o religioso a aconselha procurar as pessoas que prejudicou para pedir perd\u00e3o. Of\u00e9lia tenta convencer Mal\u00fa a perdoar Jo\u00e3o Miguel, mas ela est\u00e1 muito magoada e afirma que o far\u00e1 pagar por t\u00ea-la enganado. Jo\u00e3o Miguel decide abrir uma cl\u00ednica para atender pessoas carentes. Padre Anselmo pede a Cec\u00edlia que leve o neto at\u00e9 o parque para que Jo\u00e3o Miguel possa v\u00ea-lo. <\/p>\n<p>Ana J\u00falia avisa Patr\u00edcio que Cec\u00edlia est\u00e1 com Jo\u00e3o Miguel e Jo\u00e3ozinho no parque. Furioso, ele vai ao encontro da esposa para recrimin\u00e1-la. Ana J\u00falia inventa a Mal\u00fa que seus pais est\u00e3o discutindo e que provavelmente Patr\u00edcio tenha uma amante. Jo\u00e3o Miguel pergunta a Rafael se ele e Mal\u00fa s\u00e3o namorados. Patr\u00edcio diz a Cec\u00edlia que est\u00e1 proibida a visita de qualquer membro da fam\u00edlia San Roman. Rafael diz a Jo\u00e3o Miguel que o la\u00e7o que o une a Mal\u00fa \u00e9 muito forte e ningu\u00e9m poder\u00e1 romp\u00ea-lo. Jo\u00e3o Miguel est\u00e1 convencido que Mal\u00fa est\u00e1 apaixonada por Rafael e decide que depois de oper\u00e1-la desistir\u00e1 de seu amor e lutar\u00e1 por seu perd\u00e3o. Mal\u00fa sofre pensando que existe um clima ruim entre seu pai e sua m\u00e3e. O delegado informa Jo\u00e3o Miguel que vai interrogar Amador. Of\u00e9lia briga com Ana J\u00falia por causa de sua insist\u00eancia em ver Jo\u00e3o Miguel.  <\/p>\n<p>(*) edi\u00e7\u00e3o do SBT, Novela \u201cCuidado com o Anjo\u201d, sujeito a altera\u00e7\u00e3o de data e conte\u00fado. <\/p>\n","protected":false},"excerpt":{"rendered":"<p>Novela \u201cCuidado com o Anjo\u201d resumo 25\/04: Ana J\u00falia coloca mais uma d\u00favida na cabe\u00e7a de Mal\u00fa e diz que Jo\u00e3o Miguel j\u00e1 deve ter refeito sua vida com outra mulher, e talvez at\u00e9 tenha seu primeiro filho com ela. Mal\u00fa acredita e fala que est\u00e1 pronta para se vingar de Jo\u00e3o Miguel. Of\u00e9lia tenta [&hellip;]<\/p>\n","protected":false},"author":2,"featured_media":82049,"comment_status":"open","ping_status":"closed","sticky":false,"template":"","format":"standard","meta":{"tdm_status":"","tdm_grid_status":"","footnotes":""},"categories":[379,372,343],"tags":[441],"class_list":{"0":"post-84970","1":"post","2":"type-post","3":"status-publish","4":"format-standard","5":"has-post-thumbnail","7":"category-novelas","8":"category-sbt","9":"category-televisao","10":"tag-resumo-do-dia"},"_links":{"self":[{"href":"https:\/\/migracao.redenoticia.com.br\/noticia\/wp-json\/wp\/v2\/posts\/84970","targetHints":{"allow":["GET"]}}],"collection":[{"href":"https:\/\/migracao.redenoticia.com.br\/noticia\/wp-json\/wp\/v2\/posts"}],"about":[{"href":"https:\/\/migracao.redenoticia.com.br\/noticia\/wp-json\/wp\/v2\/types\/post"}],"author":[{"embeddable":true,"href":"https:\/\/migracao.redenoticia.com.br\/noticia\/wp-json\/wp\/v2\/users\/2"}],"replies":[{"embeddable":true,"href":"https:\/\/migracao.redenoticia.com.br\/noticia\/wp-json\/wp\/v2\/comments?post=84970"}],"version-history":[{"count":0,"href":"https:\/\/migracao.redenoticia.com.br\/noticia\/wp-json\/wp\/v2\/posts\/84970\/revisions"}],"wp:featuredmedia":[{"embeddable":true,"href":"https:\/\/migracao.redenoticia.com.br\/noticia\/wp-json\/wp\/v2\/media\/82049"}],"wp:attachment":[{"href":"https:\/\/migracao.redenoticia.com.br\/noticia\/wp-json\/wp\/v2\/media?parent=84970"}],"wp:term":[{"taxonomy":"category","embeddable":true,"href":"https:\/\/migracao.redenoticia.com.br\/noticia\/wp-json\/wp\/v2\/categories?post=84970"},{"taxonomy":"post_tag","embeddable":true,"href":"https:\/\/migracao.redenoticia.com.br\/noticia\/wp-json\/wp\/v2\/tags?post=84970"}],"curies":[{"name":"wp","href":"https:\/\/api.w.org\/{rel}","templated":true}]}}