{"id":84994,"date":"2016-04-25T20:18:10","date_gmt":"2016-04-25T23:18:10","guid":{"rendered":"http:\/\/www.redenoticia.com.br\/noticia\/?p=84994"},"modified":"2016-04-25T14:19:47","modified_gmt":"2016-04-25T17:19:47","slug":"novela-sila-resumo-2604-emre-tenta-se-aproximar-de-sila","status":"publish","type":"post","link":"https:\/\/migracao.redenoticia.com.br\/noticia\/2016\/novela-sila-resumo-2604-emre-tenta-se-aproximar-de-sila\/84994","title":{"rendered":"Novela \u201cSila\u201d resumo 26\/04: Emre tenta se aproximar de Sila"},"content":{"rendered":"<p> <img loading=\"lazy\" decoding=\"async\" src=\"https:\/\/migracao.redenoticia.com.br\/noticia\/imagens\/sila_band_novela_resumo_capitulo-150x112.jpg\" alt=\"sila_band_novela_resumo_capitulo\" width=\"150\" height=\"112\" class=\"alignleft size-thumbnail wp-image-83098\" srcset=\"https:\/\/migracao.redenoticia.com.br\/noticia\/imagens\/sila_band_novela_resumo_capitulo-150x112.jpg 150w, https:\/\/migracao.redenoticia.com.br\/noticia\/imagens\/sila_band_novela_resumo_capitulo-265x198.jpg 265w\" sizes=\"auto, (max-width: 150px) 100vw, 150px\" \/><strong><em> Novela \u201cSila\u201d resumo 26\/04<\/em><\/strong>: Sila n\u00e3o aguenta a press\u00e3o de Emre e da fam\u00edlia de Boran. Muito triste, ela foge de volta para Istambul. Sila chora durante a viagem e sente ter deixado seu grande amor, Boran, sozinho. Logo ap\u00f3s ter chegado na sua nova casa, Sila recebe mais press\u00e3o de Emre. Ele tenta se aproximar de Sila, mas ela recusa e diz que as coisas mudaram entre eles.<\/p>\n<p>No capitulo 025 (*), novela \u201cSila\u201d, ter\u00e7a-feira, 26 de abril \u2013 Dihan conta a Boran sobre a fuga de Sila, Azad e Narin. Emre tenta se aproximar de Sila, mas ela recusa dizendo que as coisas mudaram entre eles. Tomado pela ira, Boran destr\u00f3i o quarto do casal. Sila sofre em Istambul. A tribo decide que os traidores devem morrer. <\/p>\n<p> Boran e o amigo Abay viajam juntos para Istambul. Dihan tamb\u00e9m vai. A mans\u00e3o de Sila est\u00e1 protegida por v\u00e1rios seguran\u00e7as armados. Sila chega \u00e0 empresa para participar de uma reuni\u00e3o e se desentende com Emre. Bedar pede \u00e0 m\u00e3e de Boran que interceda para salvar a vida dos filhos. Ayse conta a Sila que Boran desmontou o quarto de Yezda e que viajou para mat\u00e1-la. <\/p>\n<p> Boran descobre onde Sila est\u00e1. Dihan visita os tios de Sila em busca de mais informa\u00e7\u00f5es sobre ela. Sila sonha que tem um encontro apaixonado com Boran. Azad confirma que todos morrer\u00e3o segundo a tradi\u00e7\u00e3o. Boran tira a alian\u00e7a e a joga no mar. Celil viaja para Istambul para cumprir as leis da tribo.<\/p>\n<p> Boran v\u00ea Sila chegando \u00e0 empresa com Emre. Bedar tamb\u00e9m decide viajar para Istambul. Narin se arrepende de ter fugido e briga com Azad.  <\/p>\n<p>(*) edi\u00e7\u00e3o da Band, Novela \u201cSila\u201d, sujeito a altera\u00e7\u00e3o de data e conte\u00fado.<\/p>\n","protected":false},"excerpt":{"rendered":"<p>Novela \u201cSila\u201d resumo 26\/04: Sila n\u00e3o aguenta a press\u00e3o de Emre e da fam\u00edlia de Boran. Muito triste, ela foge de volta para Istambul. Sila chora durante a viagem e sente ter deixado seu grande amor, Boran, sozinho. Logo ap\u00f3s ter chegado na sua nova casa, Sila recebe mais press\u00e3o de Emre. Ele tenta se [&hellip;]<\/p>\n","protected":false},"author":2,"featured_media":83098,"comment_status":"open","ping_status":"closed","sticky":false,"template":"","format":"standard","meta":{"tdm_status":"","tdm_grid_status":"","footnotes":""},"categories":[390,379,343],"tags":[441],"class_list":{"0":"post-84994","1":"post","2":"type-post","3":"status-publish","4":"format-standard","5":"has-post-thumbnail","7":"category-band","8":"category-novelas","9":"category-televisao","10":"tag-resumo-do-dia"},"_links":{"self":[{"href":"https:\/\/migracao.redenoticia.com.br\/noticia\/wp-json\/wp\/v2\/posts\/84994","targetHints":{"allow":["GET"]}}],"collection":[{"href":"https:\/\/migracao.redenoticia.com.br\/noticia\/wp-json\/wp\/v2\/posts"}],"about":[{"href":"https:\/\/migracao.redenoticia.com.br\/noticia\/wp-json\/wp\/v2\/types\/post"}],"author":[{"embeddable":true,"href":"https:\/\/migracao.redenoticia.com.br\/noticia\/wp-json\/wp\/v2\/users\/2"}],"replies":[{"embeddable":true,"href":"https:\/\/migracao.redenoticia.com.br\/noticia\/wp-json\/wp\/v2\/comments?post=84994"}],"version-history":[{"count":0,"href":"https:\/\/migracao.redenoticia.com.br\/noticia\/wp-json\/wp\/v2\/posts\/84994\/revisions"}],"wp:featuredmedia":[{"embeddable":true,"href":"https:\/\/migracao.redenoticia.com.br\/noticia\/wp-json\/wp\/v2\/media\/83098"}],"wp:attachment":[{"href":"https:\/\/migracao.redenoticia.com.br\/noticia\/wp-json\/wp\/v2\/media?parent=84994"}],"wp:term":[{"taxonomy":"category","embeddable":true,"href":"https:\/\/migracao.redenoticia.com.br\/noticia\/wp-json\/wp\/v2\/categories?post=84994"},{"taxonomy":"post_tag","embeddable":true,"href":"https:\/\/migracao.redenoticia.com.br\/noticia\/wp-json\/wp\/v2\/tags?post=84994"}],"curies":[{"name":"wp","href":"https:\/\/api.w.org\/{rel}","templated":true}]}}