{"id":84996,"date":"2016-04-25T14:21:26","date_gmt":"2016-04-25T17:21:26","guid":{"rendered":"http:\/\/www.redenoticia.com.br\/noticia\/?p=84996"},"modified":"2016-04-25T14:21:26","modified_gmt":"2016-04-25T17:21:26","slug":"novela-chamas-da-vida-resumo-2604-michele-teme-que-guilherme-morra","status":"publish","type":"post","link":"https:\/\/migracao.redenoticia.com.br\/noticia\/2016\/novela-chamas-da-vida-resumo-2604-michele-teme-que-guilherme-morra\/84996","title":{"rendered":"Novela \u201cChamas da Vida\u201d resumo 26\/04: Michele teme que Guilherme morra"},"content":{"rendered":"<p> <img loading=\"lazy\" decoding=\"async\" src=\"https:\/\/migracao.redenoticia.com.br\/noticia\/imagens\/chamas_da_vida_resumo_novela-150x112.jpeg\" alt=\"chamas_da_vida_resumo_novela\" width=\"150\" height=\"112\" class=\"alignleft size-thumbnail wp-image-82020\" \/><strong><em>Novela \u201cChamas da Vida\u201d resumo 26\/04<\/em><\/strong>: Chegou a hora da verdade. Guilherme diz a Michele que ficou a saber que \u00e9 soropositivo quando sofreu o acidente e, por isso, mudou o seu comportamento com ela. Michele \u00e9 dura com Guilherme e ele diz que n\u00e3o a queria contagiar. Michele diz que Guilherme n\u00e3o confiou nela e sai a correr. Guilherme conta para Brito e a Roseclair que contou a verdade para Michele. Michele chora e diz a Beatriz que est\u00e1 com medo que Guilherme morra. <\/p>\n<p>No capitulo 125 (*), novela \u201cChamas da Vida\u201d, ter\u00e7a-feira, 26 de abril \u2013 Guilherme diz a Michele que ficou a saber que \u00e9 soropositivo quando sofreu o acidente e, por isso, mudou o seu comportamento com ela. Michele \u00e9 dura com Guilherme e diz-lhe que n\u00e3o tinha o direito de lhe esconder nada. Guilherme diz que n\u00e3o a queria contagiar. Michele diz que Guilherme n\u00e3o confiou nela e sai a correr. Guilherme diz a Brito e a Roseclair que contou a Michele que tem SIDA. Ele diz que foi horr\u00edvel. <\/p>\n<p>Vivi aproxima-se dos vag\u00f5es abandonados. O delegado diz a Pedro e a Ant\u00f4nio para se afastarem, porque Lipe pode estar a olhar. Lipe observa Vivi de um ponto mais alto. Lipe manda Vivi ficar parada. Guilherme diz a Brito que Michele nunca o vai perdoar. Ant\u00f4nio e Pedro disfar\u00e7am-se de mendigos e aproximam-se de Vivi. Vivi pergunta por C\u00edntia. Lipe diz que ela est\u00e1 no carrinho de madeira. Ant\u00f4nio e Pedro v\u00eaem Lipe. Xavier avisa o delegado que Lipe est\u00e1 na sua mira. Vivi avista Lipe e desespera. <\/p>\n<p>Lipe corre. Xavier atira sobre Lipe, mas n\u00e3o lhe acerta. Lipe percebe a cilada e foge. Ant\u00f4nio torce o p\u00e9 e n\u00e3o consegue correr atr\u00e1s de Lipe. Pedro resgata C\u00edntia. Xavier segue Lipe. Guga diz a Demoro que percebeu que existe um clima entre ele e Vivi. Demoro diz que Guga est\u00e1 enganado. Guga diz que se cansou de ser bonzinho. Michele chora e diz a Beatriz que est\u00e1 com medo que Guilherme morra.  <\/p>\n<p>(*) edi\u00e7\u00e3o da Rede Record, Novela \u201cChamas da Vida\u201d, sujeito a altera\u00e7\u00e3o de data e conte\u00fado.<\/p>\n","protected":false},"excerpt":{"rendered":"<p>Novela \u201cChamas da Vida\u201d resumo 26\/04: Chegou a hora da verdade. Guilherme diz a Michele que ficou a saber que \u00e9 soropositivo quando sofreu o acidente e, por isso, mudou o seu comportamento com ela. Michele \u00e9 dura com Guilherme e ele diz que n\u00e3o a queria contagiar. Michele diz que Guilherme n\u00e3o confiou nela [&hellip;]<\/p>\n","protected":false},"author":2,"featured_media":82020,"comment_status":"open","ping_status":"closed","sticky":false,"template":"","format":"standard","meta":{"tdm_status":"","tdm_grid_status":"","footnotes":""},"categories":[379,371,343],"tags":[441],"class_list":{"0":"post-84996","1":"post","2":"type-post","3":"status-publish","4":"format-standard","5":"has-post-thumbnail","7":"category-novelas","8":"category-rede-record","9":"category-televisao","10":"tag-resumo-do-dia"},"_links":{"self":[{"href":"https:\/\/migracao.redenoticia.com.br\/noticia\/wp-json\/wp\/v2\/posts\/84996","targetHints":{"allow":["GET"]}}],"collection":[{"href":"https:\/\/migracao.redenoticia.com.br\/noticia\/wp-json\/wp\/v2\/posts"}],"about":[{"href":"https:\/\/migracao.redenoticia.com.br\/noticia\/wp-json\/wp\/v2\/types\/post"}],"author":[{"embeddable":true,"href":"https:\/\/migracao.redenoticia.com.br\/noticia\/wp-json\/wp\/v2\/users\/2"}],"replies":[{"embeddable":true,"href":"https:\/\/migracao.redenoticia.com.br\/noticia\/wp-json\/wp\/v2\/comments?post=84996"}],"version-history":[{"count":0,"href":"https:\/\/migracao.redenoticia.com.br\/noticia\/wp-json\/wp\/v2\/posts\/84996\/revisions"}],"wp:featuredmedia":[{"embeddable":true,"href":"https:\/\/migracao.redenoticia.com.br\/noticia\/wp-json\/wp\/v2\/media\/82020"}],"wp:attachment":[{"href":"https:\/\/migracao.redenoticia.com.br\/noticia\/wp-json\/wp\/v2\/media?parent=84996"}],"wp:term":[{"taxonomy":"category","embeddable":true,"href":"https:\/\/migracao.redenoticia.com.br\/noticia\/wp-json\/wp\/v2\/categories?post=84996"},{"taxonomy":"post_tag","embeddable":true,"href":"https:\/\/migracao.redenoticia.com.br\/noticia\/wp-json\/wp\/v2\/tags?post=84996"}],"curies":[{"name":"wp","href":"https:\/\/api.w.org\/{rel}","templated":true}]}}