{"id":85002,"date":"2016-04-25T14:30:05","date_gmt":"2016-04-25T17:30:05","guid":{"rendered":"http:\/\/www.redenoticia.com.br\/noticia\/?p=85002"},"modified":"2016-04-26T20:01:30","modified_gmt":"2016-04-26T23:01:30","slug":"novela-cuidado-com-o-anjo-resumo-2604-daniel-diz-que-malu-ama-miguel","status":"publish","type":"post","link":"https:\/\/migracao.redenoticia.com.br\/noticia\/2016\/novela-cuidado-com-o-anjo-resumo-2604-daniel-diz-que-malu-ama-miguel\/85002","title":{"rendered":"Novela \u201cCuidado com o Anjo\u201d resumo 26\/04: Daniel diz que Mal\u00fa ama Miguel"},"content":{"rendered":"<p> <img loading=\"lazy\" decoding=\"async\" src=\"https:\/\/migracao.redenoticia.com.br\/noticia\/imagens\/cuidado-com-o-anjo-novela-resumo-capitulo-sbt-episodio-150x112.jpg\" alt=\"cuidado com o anjo novela resumo capitulo sbt episodio\" width=\"150\" height=\"112\" class=\"alignleft size-thumbnail wp-image-82049\" srcset=\"https:\/\/migracao.redenoticia.com.br\/noticia\/imagens\/cuidado-com-o-anjo-novela-resumo-capitulo-sbt-episodio-150x112.jpg 150w, https:\/\/migracao.redenoticia.com.br\/noticia\/imagens\/cuidado-com-o-anjo-novela-resumo-capitulo-sbt-episodio-265x198.jpg 265w\" sizes=\"auto, (max-width: 150px) 100vw, 150px\" \/><strong><em>Novela \u201cCuidado com o Anjo\u201d resumo 26\/04<\/em><\/strong>: Jo\u00e3o Miguel pergunta a Rafael se ele e Mal\u00fa s\u00e3o namorados. Rafael responde que o la\u00e7o que o une a Mal\u00fa \u00e9 muito forte e ningu\u00e9m poder\u00e1 romp\u00ea-lo. Jo\u00e3o Miguel se convence que Mal\u00fa est\u00e1 apaixonada por Rafael e decide que, depois de oper\u00e1-la, vai desistir de am\u00e1-la. Mais tarde, Daniel pede formalmente a m\u00e3o de Rosa para Jo\u00e3o Miguel. Daniel aproveita e diz que, embora Mal\u00fa diga que o odeia, continua apaixonada por ele.<\/p>\n<p>No capitulo 107 (*), novela \u201cCuidado com o Anjo\u201d, ter\u00e7a-feira, 26 de abril \u2013 Amador discute com Eduardo e amea\u00e7a lutar pela guarda de seu filho. Ana J\u00falia diz a Amador que est\u00e1 disposta a ajud\u00e1-lo em sua vingan\u00e7a.\u00a0Patr\u00edcio comunica a Mal\u00fa que pretende mand\u00e1-la para o exterior para afast\u00e1-la de Jo\u00e3o Miguel. Daniel diz a Jo\u00e3o Miguel que, embora Mal\u00fa diga que o odeia, continua apaixonada por ele.<\/p>\n<p>Mal\u00fa jura para Patr\u00edcio que, por dignidade, jamais voltar\u00e1 para Jo\u00e3o Miguel. Daniel pede formalmente a m\u00e3o de Rosa para Jo\u00e3o Miguel.\u00a0Rafael conta a Mal\u00fa que est\u00e3o abertas as inscri\u00e7\u00f5es para um curso de fisioterapia e ela fica feliz por que ter\u00e1 a oportunidade de ajudar na cura de muitas pessoas.\u00a0Rafael ensina Mal\u00fa a andar pelas ruas somente com a ajuda de seu c\u00e3o guia e a bengala, ela se emociona com seu pr\u00f3prio progresso.<\/p>\n<p>Of\u00e9lia pro\u00edbe Ana J\u00falia de se aproximar de sua neta e a expulsa de sua casa. Ana J\u00falia diz a Jo\u00e3o Miguel que Mal\u00fa amea\u00e7a deixar o pa\u00eds se ele tentar se aproximar dela. Patr\u00edcio comenta com Cec\u00edlia que Rafael est\u00e1 se apaixonando por Mal\u00fa.\u00a0Ana J\u00falia assedia Daniel, mas ele a despreza e deixa claro que est\u00e1 apaixonado por Rosa.\u00a0Mal\u00fa come\u00e7a seu curso de fisioterapia na Associa\u00e7\u00e3o de Cegos. Jo\u00e3o Miguel decide oferecer seus servi\u00e7os de oftalmologista na Associa\u00e7\u00e3o e est\u00e1 prestes a se encontrar com Mal\u00fa.<\/p>\n<p>(*) edi\u00e7\u00e3o do SBT, Novela \u201cCuidado com o Anjo\u201d, sujeito a altera\u00e7\u00e3o de data e conte\u00fado.<\/p>\n","protected":false},"excerpt":{"rendered":"<p>Novela \u201cCuidado com o Anjo\u201d resumo 26\/04: Jo\u00e3o Miguel pergunta a Rafael se ele e Mal\u00fa s\u00e3o namorados. Rafael responde que o la\u00e7o que o une a Mal\u00fa \u00e9 muito forte e ningu\u00e9m poder\u00e1 romp\u00ea-lo. Jo\u00e3o Miguel se convence que Mal\u00fa est\u00e1 apaixonada por Rafael e decide que, depois de oper\u00e1-la, vai desistir de am\u00e1-la. [&hellip;]<\/p>\n","protected":false},"author":2,"featured_media":82049,"comment_status":"open","ping_status":"closed","sticky":false,"template":"","format":"standard","meta":{"tdm_status":"","tdm_grid_status":"","footnotes":""},"categories":[379,372,343],"tags":[441],"class_list":{"0":"post-85002","1":"post","2":"type-post","3":"status-publish","4":"format-standard","5":"has-post-thumbnail","7":"category-novelas","8":"category-sbt","9":"category-televisao","10":"tag-resumo-do-dia"},"_links":{"self":[{"href":"https:\/\/migracao.redenoticia.com.br\/noticia\/wp-json\/wp\/v2\/posts\/85002","targetHints":{"allow":["GET"]}}],"collection":[{"href":"https:\/\/migracao.redenoticia.com.br\/noticia\/wp-json\/wp\/v2\/posts"}],"about":[{"href":"https:\/\/migracao.redenoticia.com.br\/noticia\/wp-json\/wp\/v2\/types\/post"}],"author":[{"embeddable":true,"href":"https:\/\/migracao.redenoticia.com.br\/noticia\/wp-json\/wp\/v2\/users\/2"}],"replies":[{"embeddable":true,"href":"https:\/\/migracao.redenoticia.com.br\/noticia\/wp-json\/wp\/v2\/comments?post=85002"}],"version-history":[{"count":0,"href":"https:\/\/migracao.redenoticia.com.br\/noticia\/wp-json\/wp\/v2\/posts\/85002\/revisions"}],"wp:featuredmedia":[{"embeddable":true,"href":"https:\/\/migracao.redenoticia.com.br\/noticia\/wp-json\/wp\/v2\/media\/82049"}],"wp:attachment":[{"href":"https:\/\/migracao.redenoticia.com.br\/noticia\/wp-json\/wp\/v2\/media?parent=85002"}],"wp:term":[{"taxonomy":"category","embeddable":true,"href":"https:\/\/migracao.redenoticia.com.br\/noticia\/wp-json\/wp\/v2\/categories?post=85002"},{"taxonomy":"post_tag","embeddable":true,"href":"https:\/\/migracao.redenoticia.com.br\/noticia\/wp-json\/wp\/v2\/tags?post=85002"}],"curies":[{"name":"wp","href":"https:\/\/api.w.org\/{rel}","templated":true}]}}