{"id":85004,"date":"2016-04-25T14:33:58","date_gmt":"2016-04-25T17:33:58","guid":{"rendered":"http:\/\/www.redenoticia.com.br\/noticia\/?p=85004"},"modified":"2016-04-25T14:33:58","modified_gmt":"2016-04-25T17:33:58","slug":"novela-abismo-da-paixao-resumo-2604-almerinda-espera-elisa-na-festa-de-damiao","status":"publish","type":"post","link":"https:\/\/migracao.redenoticia.com.br\/noticia\/2016\/novela-abismo-da-paixao-resumo-2604-almerinda-espera-elisa-na-festa-de-damiao\/85004","title":{"rendered":"Novela \u201cAbismo da Paix\u00e3o\u201d resumo 26\/04: Almerinda espera Elisa na festa de Dami\u00e3o"},"content":{"rendered":"<p> <img loading=\"lazy\" decoding=\"async\" class=\"alignleft size-thumbnail wp-image-81978\" src=\"https:\/\/migracao.redenoticia.com.br\/noticia\/imagens\/abismo_de_paixao_sbt_resumo_novela-150x112.jpg\" alt=\"abismo_de_paixao_sbt_resumo_novela\" width=\"150\" height=\"112\" srcset=\"https:\/\/migracao.redenoticia.com.br\/noticia\/imagens\/abismo_de_paixao_sbt_resumo_novela-150x112.jpg 150w, https:\/\/migracao.redenoticia.com.br\/noticia\/imagens\/abismo_de_paixao_sbt_resumo_novela-265x198.jpg 265w\" sizes=\"auto, (max-width: 150px) 100vw, 150px\" \/><strong><em>Novela \u201cAbismo da Paix\u00e3o\u201d resumo 26\/04<\/em><\/strong>: Almerinda vai \u00e0 casa de Elisa para dizer que sabe que Flor\u00eancia a convidou para a sua festa de compromisso com Dami\u00e3o. Como soube que ela n\u00e3o desejava ir, foi pessoalmente convid\u00e1-la. Elisa responde que n\u00e3o acredita em nada do que ela diz, pois os muitos anos em que a maltratou dep\u00f5em contra ela. Almerinda diz que foi trabalhoso vencer seu orgulho, e esperava outra atitude da parte de Elisa. Ela ainda diz que elas poderiam melhorar as rela\u00e7\u00f5es entre as fam\u00edlias. Chega o dia da festa e Elisa vai \u00e0 fazenda Arango e Dami\u00e3o a olha, com sentimento. Almerinda diz a Flor\u00eancia que convidou Elisa para que Dami\u00e3o se d\u00ea conta que ela n\u00e3o vale nada. Para isso, precisa que Paulo n\u00e3o desgrude dela para nada.<\/p>\n<p>No cap\u00edtulo 022 (*), novela \u201cAbismo da Paix\u00e3o\u201d, ter\u00e7a-feira, 26 de abril \u2013 Almerinda ouve toda a discuss\u00e3o e pede a Dami\u00e3o que reconsidere sua posi\u00e7\u00e3o, pois a festa de compromisso precisa ser perfeita. Flor\u00eancia adverte Paulo que n\u00e3o quer Elisa em sua festa de compromisso. Chorando, ela diz a Almerinda que Dami\u00e3o defendeu Elisa e saiu sem se importar se ela ficava ou n\u00e3o na fazenda. Almerinda diz a Flor\u00eancia que sabe que Dami\u00e3o a ama, e que Elisa \u00e9 apenas uma pessoa por quem Dami\u00e3o tem um carinho especial pela conviv\u00eancia na inf\u00e2ncia, mas n\u00e3o algu\u00e9m para Flor\u00eancia levar em conta. Almerinda vai \u00e0 casa de Elisa para dizer que sabe que Flor\u00eancia a convidou para a sua festa de compromisso com Dami\u00e3o. Como soube que ela n\u00e3o desejava ir, foi pessoalmente convid\u00e1-la. Elisa responde que n\u00e3o acredita em nada do que ela diz, pois os muitos anos em que a maltratou dep\u00f5em contra ela. <\/p>\n<p>Almerinda diz que foi trabalhoso vencer seu orgulho, e esperava outra atitude da parte de Elisa. Ela ainda diz que elas poderiam melhorar as rela\u00e7\u00f5es entre as fam\u00edlias. Com isso, a processadora Arango poderia voltar a comprar a produ\u00e7\u00e3o de Augusto. Augusto diz a Carmen que vai fazer um exame de DNA para comprovar sua paternidade quanto a Elisa, mas n\u00e3o dir\u00e1 nada a garota at\u00e9 que o resultado saia. Augusto diz a Carmen que est\u00e1 com s\u00e9rios problemas econ\u00f4micos, e n\u00e3o sabe se conseguir\u00e1 sair adiante. Carmen sugere que vendam tudo e partam para outro lugar para come\u00e7ar uma nova vida. Augusto diz que isso n\u00e3o \u00e9 poss\u00edvel, porque sempre foi agricultor e s\u00f3 sabe e deseja fazer isso, ent\u00e3o se vendesse suas terras ai sim seria sua ru\u00edna total. Elisa chega a fazenda Arango e Dami\u00e3o a olha, com sentimento. Ramiro diz a Almerinda que com sua ordem ele mesmo tira Elisa da fazenda. <\/p>\n<p>Almerinda responde que Elisa \u00e9 sua convidada. Padre Lupe pergunta a Almerinda qual foi sua inten\u00e7\u00e3o ao convidar Elisa. Almerinda responde que deseja ter melhores rela\u00e7\u00f5es. Almerinda diz a Flor\u00eancia que convidou Elisa para que Dami\u00e3o se d\u00ea conta que ela n\u00e3o vale nada. Para isso, precisa que Paulo n\u00e3o desgrude dela para nada. Paulo tira Elisa para dan\u00e7ar. Ela resiste, mas aceita. Paloma pede a Gael que dance com ela. Gael se zanga ao ver Elisa dan\u00e7ando com Paulo e deixa Paloma s\u00f3. Paloma reclama com Gael por sempre deix\u00e1-la em segundo plano e estar sempre se ocupando de Elisa, que j\u00e1 disse n\u00e3o querer nada com ele. Paloma se zanga e vai embora.<\/p>\n<p>(*) edi\u00e7\u00e3o do SBT, Novela \u201cAbismo da Paix\u00e3o\u201d, sujeito a altera\u00e7\u00e3o de data e conte\u00fado.<\/p>\n","protected":false},"excerpt":{"rendered":"<p>Novela \u201cAbismo da Paix\u00e3o\u201d resumo 26\/04: Almerinda vai \u00e0 casa de Elisa para dizer que sabe que Flor\u00eancia a convidou para a sua festa de compromisso com Dami\u00e3o. Como soube que ela n\u00e3o desejava ir, foi pessoalmente convid\u00e1-la. Elisa responde que n\u00e3o acredita em nada do que ela diz, pois os muitos anos em que [&hellip;]<\/p>\n","protected":false},"author":2,"featured_media":81978,"comment_status":"open","ping_status":"closed","sticky":false,"template":"","format":"standard","meta":{"tdm_status":"","tdm_grid_status":"","footnotes":""},"categories":[379,372,343],"tags":[441],"class_list":{"0":"post-85004","1":"post","2":"type-post","3":"status-publish","4":"format-standard","5":"has-post-thumbnail","7":"category-novelas","8":"category-sbt","9":"category-televisao","10":"tag-resumo-do-dia"},"_links":{"self":[{"href":"https:\/\/migracao.redenoticia.com.br\/noticia\/wp-json\/wp\/v2\/posts\/85004","targetHints":{"allow":["GET"]}}],"collection":[{"href":"https:\/\/migracao.redenoticia.com.br\/noticia\/wp-json\/wp\/v2\/posts"}],"about":[{"href":"https:\/\/migracao.redenoticia.com.br\/noticia\/wp-json\/wp\/v2\/types\/post"}],"author":[{"embeddable":true,"href":"https:\/\/migracao.redenoticia.com.br\/noticia\/wp-json\/wp\/v2\/users\/2"}],"replies":[{"embeddable":true,"href":"https:\/\/migracao.redenoticia.com.br\/noticia\/wp-json\/wp\/v2\/comments?post=85004"}],"version-history":[{"count":0,"href":"https:\/\/migracao.redenoticia.com.br\/noticia\/wp-json\/wp\/v2\/posts\/85004\/revisions"}],"wp:featuredmedia":[{"embeddable":true,"href":"https:\/\/migracao.redenoticia.com.br\/noticia\/wp-json\/wp\/v2\/media\/81978"}],"wp:attachment":[{"href":"https:\/\/migracao.redenoticia.com.br\/noticia\/wp-json\/wp\/v2\/media?parent=85004"}],"wp:term":[{"taxonomy":"category","embeddable":true,"href":"https:\/\/migracao.redenoticia.com.br\/noticia\/wp-json\/wp\/v2\/categories?post=85004"},{"taxonomy":"post_tag","embeddable":true,"href":"https:\/\/migracao.redenoticia.com.br\/noticia\/wp-json\/wp\/v2\/tags?post=85004"}],"curies":[{"name":"wp","href":"https:\/\/api.w.org\/{rel}","templated":true}]}}