{"id":85012,"date":"2016-04-25T18:51:15","date_gmt":"2016-04-25T21:51:15","guid":{"rendered":"http:\/\/www.redenoticia.com.br\/noticia\/?p=85012"},"modified":"2016-04-25T14:54:45","modified_gmt":"2016-04-25T17:54:45","slug":"novela-totalmente-demais-resumo-2604-jojo-traz-os-avos-para-o-brasil","status":"publish","type":"post","link":"https:\/\/migracao.redenoticia.com.br\/noticia\/2016\/novela-totalmente-demais-resumo-2604-jojo-traz-os-avos-para-o-brasil\/85012","title":{"rendered":"Novela \u201cTotalmente Demais\u201d resumo 26\/04: Joj\u00f4 traz os av\u00f3s para o Brasil"},"content":{"rendered":"<p> <strong><em><img loading=\"lazy\" decoding=\"async\" class=\"alignleft size-thumbnail wp-image-76581\" src=\"https:\/\/migracao.redenoticia.com.br\/noticia\/imagens\/totalmente_demais_novela_resumo_globo-150x112.jpg\" alt=\"totalmente_demais_novela_resumo_globo\" width=\"150\" height=\"112\" srcset=\"https:\/\/migracao.redenoticia.com.br\/noticia\/imagens\/totalmente_demais_novela_resumo_globo-150x112.jpg 150w, https:\/\/migracao.redenoticia.com.br\/noticia\/imagens\/totalmente_demais_novela_resumo_globo-265x198.jpg 265w\" sizes=\"auto, (max-width: 150px) 100vw, 150px\" \/>Novela \u201cTotalmente Demais\u201d resumo 26\/04<\/em><\/strong>: ap\u00f3s arma\u00e7\u00e3o de Carolina, Arthur termina com Eliza por acreditar que ela o traiu com Rafael. Ele fica completamente sem rumo e jogado em seu apartamento. Joj\u00f4 n\u00e3o aguenta mais ver o estado de seu pai e toma uma atitude. Ela vende sua guitarra e resolve trazer seus av\u00f3s para tentar tirar o pai do fundo do po\u00e7o. Quando v\u00ea os pais, Arthur fica chocado. <\/p>\n<p>No capitulo 146 (*), novela \u201cTotalmente Demais\u201d, ter\u00e7a-feira, 26 de abril \u2013 B\u00e1rbara v\u00ea Jana\u00edna saindo da casa de Florisval e desconfia. <\/p>\n<p>Joj\u00f4 consegue trazer os av\u00f3s para o Brasil, na tentativa de ajudar Arthur a se recuperar de seu sofrimento por Eliza. <\/p>\n<p>Sofia chega ao restaurante para jantar com Eliza, que n\u00e3o desconfia de que a irm\u00e3 est\u00e1 armando com Jacar\u00e9 um plano para atentar contra sua vida.  <\/p>\n<p>(*) edi\u00e7\u00e3o da Rede Globo, Novela \u201cTotalmente Demais\u201d, sujeito a altera\u00e7\u00e3o de data e conte\u00fado.<\/p>\n","protected":false},"excerpt":{"rendered":"<p>Novela \u201cTotalmente Demais\u201d resumo 26\/04: ap\u00f3s arma\u00e7\u00e3o de Carolina, Arthur termina com Eliza por acreditar que ela o traiu com Rafael. Ele fica completamente sem rumo e jogado em seu apartamento. Joj\u00f4 n\u00e3o aguenta mais ver o estado de seu pai e toma uma atitude. Ela vende sua guitarra e resolve trazer seus av\u00f3s para [&hellip;]<\/p>\n","protected":false},"author":2,"featured_media":76581,"comment_status":"open","ping_status":"closed","sticky":false,"template":"","format":"standard","meta":{"tdm_status":"","tdm_grid_status":"","footnotes":""},"categories":[379,375,343],"tags":[441],"class_list":{"0":"post-85012","1":"post","2":"type-post","3":"status-publish","4":"format-standard","5":"has-post-thumbnail","7":"category-novelas","8":"category-rede-globo","9":"category-televisao","10":"tag-resumo-do-dia"},"_links":{"self":[{"href":"https:\/\/migracao.redenoticia.com.br\/noticia\/wp-json\/wp\/v2\/posts\/85012","targetHints":{"allow":["GET"]}}],"collection":[{"href":"https:\/\/migracao.redenoticia.com.br\/noticia\/wp-json\/wp\/v2\/posts"}],"about":[{"href":"https:\/\/migracao.redenoticia.com.br\/noticia\/wp-json\/wp\/v2\/types\/post"}],"author":[{"embeddable":true,"href":"https:\/\/migracao.redenoticia.com.br\/noticia\/wp-json\/wp\/v2\/users\/2"}],"replies":[{"embeddable":true,"href":"https:\/\/migracao.redenoticia.com.br\/noticia\/wp-json\/wp\/v2\/comments?post=85012"}],"version-history":[{"count":0,"href":"https:\/\/migracao.redenoticia.com.br\/noticia\/wp-json\/wp\/v2\/posts\/85012\/revisions"}],"wp:featuredmedia":[{"embeddable":true,"href":"https:\/\/migracao.redenoticia.com.br\/noticia\/wp-json\/wp\/v2\/media\/76581"}],"wp:attachment":[{"href":"https:\/\/migracao.redenoticia.com.br\/noticia\/wp-json\/wp\/v2\/media?parent=85012"}],"wp:term":[{"taxonomy":"category","embeddable":true,"href":"https:\/\/migracao.redenoticia.com.br\/noticia\/wp-json\/wp\/v2\/categories?post=85012"},{"taxonomy":"post_tag","embeddable":true,"href":"https:\/\/migracao.redenoticia.com.br\/noticia\/wp-json\/wp\/v2\/tags?post=85012"}],"curies":[{"name":"wp","href":"https:\/\/api.w.org\/{rel}","templated":true}]}}