{"id":85014,"date":"2016-04-25T20:54:49","date_gmt":"2016-04-25T23:54:49","guid":{"rendered":"http:\/\/www.redenoticia.com.br\/noticia\/?p=85014"},"modified":"2016-04-25T14:57:22","modified_gmt":"2016-04-25T17:57:22","slug":"novela-velho-chico-resumo-2604-afranio-manda-cicero-se-afastar-da-fazenda","status":"publish","type":"post","link":"https:\/\/migracao.redenoticia.com.br\/noticia\/2016\/novela-velho-chico-resumo-2604-afranio-manda-cicero-se-afastar-da-fazenda\/85014","title":{"rendered":"Novela \u201cVelho Chico\u201d resumo 26\/04: Afr\u00e2nio manda C\u00edcero se afastar da fazenda"},"content":{"rendered":"<p> <img loading=\"lazy\" decoding=\"async\" class=\"alignleft size-thumbnail wp-image-82169\" src=\"https:\/\/migracao.redenoticia.com.br\/noticia\/imagens\/velho_chico_novela_resumo_globo-150x112.jpg\" alt=\"velho_chico_novela_resumo_globo\" width=\"150\" height=\"112\" srcset=\"https:\/\/migracao.redenoticia.com.br\/noticia\/imagens\/velho_chico_novela_resumo_globo-150x112.jpg 150w, https:\/\/migracao.redenoticia.com.br\/noticia\/imagens\/velho_chico_novela_resumo_globo-265x198.jpg 265w\" sizes=\"auto, (max-width: 150px) 100vw, 150px\" \/><strong><em>Novela \u201cVelho Chico\u201d resumo 26\/04<\/em><\/strong>: ap\u00f3s Piedade ir \u00e0 fazenda do Saru\u00ea e enfrent\u00e1-lo, este fica sabendo que C\u00edcero resolveu acertar as contas com Santo sem falar com ele. Quando o jagun\u00e7o retorna a fazenda, Coronel Afr\u00e2nio toma a arma dele e o chama de incompetente e burro. Para evitar mais problemas, o coronel manda C\u00edcero se afastar da fazenda e n\u00e3o contestar mais suas ordens.  <\/p>\n<p>No capitulo 038 (*), novela \u201cVelho Chico\u201d, ter\u00e7a-feira, 26 de abril \u2013 Na fazenda Piat\u00e3, todos procuram por Piedade. C\u00edcero se culpa por ter deixado Santo escapar. Ceci incentiva Beatriz a se aproximar de Bento e afirma que o vereador precisa de ajuda. <\/p>\n<p>Piedade enfrenta Afr\u00e2nio e Encarna\u00e7\u00e3o. Doninha exige saber o motivo da demora de C\u00edcero em voltar para casa. Encarna\u00e7\u00e3o promete a Piedade que a guerra entre suas fam\u00edlias n\u00e3o recome\u00e7ar\u00e1 enquanto ela for viva. <\/p>\n<p>Afr\u00e2nio repreende a atitude de C\u00edcero. Encarna\u00e7\u00e3o e Afr\u00e2nio discutem sobre Martim e Miguel. C\u00edcero se revolta contra as ordens de Afr\u00e2nio. Doninha pede que C\u00edcero n\u00e3o volte mais ao local onde Clemente foi morto. Piedade volta para casa. <\/p>\n<p>(*) edi\u00e7\u00e3o da Rede Globo, Novela \u201cVelho Chico\u201d, sujeito a altera\u00e7\u00e3o de data e conte\u00fado.<\/p>\n","protected":false},"excerpt":{"rendered":"<p>Novela \u201cVelho Chico\u201d resumo 26\/04: ap\u00f3s Piedade ir \u00e0 fazenda do Saru\u00ea e enfrent\u00e1-lo, este fica sabendo que C\u00edcero resolveu acertar as contas com Santo sem falar com ele. Quando o jagun\u00e7o retorna a fazenda, Coronel Afr\u00e2nio toma a arma dele e o chama de incompetente e burro. Para evitar mais problemas, o coronel manda [&hellip;]<\/p>\n","protected":false},"author":2,"featured_media":82169,"comment_status":"open","ping_status":"closed","sticky":false,"template":"","format":"standard","meta":{"tdm_status":"","tdm_grid_status":"","footnotes":""},"categories":[379,375,343],"tags":[441],"class_list":{"0":"post-85014","1":"post","2":"type-post","3":"status-publish","4":"format-standard","5":"has-post-thumbnail","7":"category-novelas","8":"category-rede-globo","9":"category-televisao","10":"tag-resumo-do-dia"},"_links":{"self":[{"href":"https:\/\/migracao.redenoticia.com.br\/noticia\/wp-json\/wp\/v2\/posts\/85014","targetHints":{"allow":["GET"]}}],"collection":[{"href":"https:\/\/migracao.redenoticia.com.br\/noticia\/wp-json\/wp\/v2\/posts"}],"about":[{"href":"https:\/\/migracao.redenoticia.com.br\/noticia\/wp-json\/wp\/v2\/types\/post"}],"author":[{"embeddable":true,"href":"https:\/\/migracao.redenoticia.com.br\/noticia\/wp-json\/wp\/v2\/users\/2"}],"replies":[{"embeddable":true,"href":"https:\/\/migracao.redenoticia.com.br\/noticia\/wp-json\/wp\/v2\/comments?post=85014"}],"version-history":[{"count":0,"href":"https:\/\/migracao.redenoticia.com.br\/noticia\/wp-json\/wp\/v2\/posts\/85014\/revisions"}],"wp:featuredmedia":[{"embeddable":true,"href":"https:\/\/migracao.redenoticia.com.br\/noticia\/wp-json\/wp\/v2\/media\/82169"}],"wp:attachment":[{"href":"https:\/\/migracao.redenoticia.com.br\/noticia\/wp-json\/wp\/v2\/media?parent=85014"}],"wp:term":[{"taxonomy":"category","embeddable":true,"href":"https:\/\/migracao.redenoticia.com.br\/noticia\/wp-json\/wp\/v2\/categories?post=85014"},{"taxonomy":"post_tag","embeddable":true,"href":"https:\/\/migracao.redenoticia.com.br\/noticia\/wp-json\/wp\/v2\/tags?post=85014"}],"curies":[{"name":"wp","href":"https:\/\/api.w.org\/{rel}","templated":true}]}}