{"id":85016,"date":"2016-04-25T17:57:32","date_gmt":"2016-04-25T20:57:32","guid":{"rendered":"http:\/\/www.redenoticia.com.br\/noticia\/?p=85016"},"modified":"2016-04-25T15:03:46","modified_gmt":"2016-04-25T18:03:46","slug":"novela-meu-coracao-e-teu-resumo-2604-isabela-se-sente-derrotada-por-ana","status":"publish","type":"post","link":"https:\/\/migracao.redenoticia.com.br\/noticia\/2016\/novela-meu-coracao-e-teu-resumo-2604-isabela-se-sente-derrotada-por-ana\/85016","title":{"rendered":"Novela \u201cMeu Cora\u00e7\u00e3o \u00e9 Teu\u201d resumo 26\/04: Isabela se sente derrotada por Ana"},"content":{"rendered":"<p> <img loading=\"lazy\" decoding=\"async\" src=\"https:\/\/migracao.redenoticia.com.br\/noticia\/imagens\/meu_coracao_e_teu_novela_resumo_sbt-150x112.jpg\" alt=\"meu_coracao_e_teu_novela_resumo_sbt\" width=\"150\" height=\"112\" class=\"alignleft size-thumbnail wp-image-82119\" srcset=\"https:\/\/migracao.redenoticia.com.br\/noticia\/imagens\/meu_coracao_e_teu_novela_resumo_sbt-150x112.jpg 150w, https:\/\/migracao.redenoticia.com.br\/noticia\/imagens\/meu_coracao_e_teu_novela_resumo_sbt-265x198.jpg 265w\" sizes=\"auto, (max-width: 150px) 100vw, 150px\" \/><strong><em>Novela \u201cMeu Cora\u00e7\u00e3o \u00e9 Teu\u201d resumo 26\/04<\/em><\/strong>:chega o grande dia da festa de Al\u00edcia. Isabela e Fanny ajudam a menina se vestir. Ana leva o vestido de Alicia com Luz e descobre que ela j\u00e1 tem outro, muito mais fino e elegante. Ana esconde o vestido sem que Alicia veja. Fanny v\u00ea o vestido feito por Ana, e a diz que aquela pe\u00e7a pode n\u00e3o ter a finesse do outro, mas tem um imensur\u00e1vel valor sentimental. A festa \u00e9 um sucesso. Alicia dan\u00e7a a valsa com Fernando e os irm\u00e3os. Isabela acredita que teve \u00eaxito na organiza\u00e7\u00e3o da festa, at\u00e9 que toda a fam\u00edlia Lascurain, incluindo Ana, fazem uma apresenta\u00e7\u00e3o de dan\u00e7a surpresa para Alicia. Fernando e Fanny d\u00e3o a Alicia o vestido que Ana havia feito para sua festa. Alicia, publicamente, agradece o carinho de Ana. Isabela se sente derrotada.<\/p>\n<p>No cap\u00edtulo 042 (*), novela \u201cMeu Cora\u00e7\u00e3o \u00e9 Teu\u201d, ter\u00e7a-feira, 26 de abril \u2013 Henrique pretende presentear Fanny com um cavalo mas ela o rejeita. Isabela compra um vestido muito caro para os quinze anos de Alicia. Isabela e Fanny ajudam Alicia a preparar-se para sua festa. Fernando, Ana e as crian\u00e7as ensaiam para o baile surpresa de Alicia. Nicolas fala com Jennifer para terminar sua rela\u00e7\u00e3o com ela. Ana leva o vestido de Alicia com Luz e descobre que ela j\u00e1 tem outro, muito mais fino e elegante. Ana esconde o vestido sem que Alicia se d\u00ea conta. Fanny v\u00ea o vestido feito por Ana, e a diz que aquela pe\u00e7a pode n\u00e3o ter a finesse do outro, mas tem um imensur\u00e1vel valor sentimental. Leon vai visitar Fernando para pedir o trabalho de mensageiro novamente. Fanny n\u00e3o quer falar com Leon, mas Fernando lhe tem apre\u00e7o. Yolanda pede a Ana que fa\u00e7a suas unhas. Ana aproveita para question\u00e1-la e descobre in\u00fameras coincid\u00eancias entre Yolanda e sua m\u00e3e. Ana diz a Diego que suspeita que Yolanda seja sua m\u00e3e. Todos est\u00e3o se arrumando para irem a festa de Alicia. <\/p>\n<p>A mo\u00e7a faz sua entrada triunfal perante a fam\u00edlia. Fernando se comove ao v\u00ea-la t\u00e3o bela, pois se lembra de sua falecida esposa. A festa \u00e9 um sucesso. Alicia dan\u00e7a a valsa com Fernando e os irm\u00e3os Lascurain. Isabela acredita que teve \u00eaxito na organiza\u00e7\u00e3o da festa, at\u00e9 que toda a fam\u00edlia Lascurain, incluindo Ana, fazem uma apresenta\u00e7\u00e3o de dan\u00e7a surpresa para Alicia. Isabela se enfurece e reclama com Fernando, j\u00e1 que no final da coreografia, Ana cai em seus bra\u00e7os. Fernando e Fanny d\u00e3o a Alicia o vestido que Ana havia feito para sua festa. Alicia, publicamente, agradece o carinho de Ana. Isabela se sente derrotada. Todos, menos Isabela, se divertem na festa. Yolanda diz a filha que a culpa por n\u00e3o integrar se a fam\u00edlia \u00e9 s\u00f3 dela. <\/p>\n<p>Alicia some da festa. Fernando e Ana procuram por ela em meio aos convidados e a encontram beijando Gustavo em um canto do sal\u00e3o. Jennifer e Nicolas decidem viajar no dia seguinte para preparar o casamento que os unir\u00e1 em menos de um m\u00eas. Isabela ouve Ana dizendo a Jennifer da possibilidade de Yolanda ser sua m\u00e3e. Jennifer se surpreende quando Ana a diz que Isabela poderia ser sua meia irm\u00e3. Jennifer a aconselha a fazer um exame de DNA. Isabela escuta e rejeita a possibilidade de Ana ser sua meia irm\u00e3. Ela vai at\u00e9 Yolanda para perguntar, mas a m\u00e3e diz que a outra filha que teve nasceu morta. Ao escutar isso, Isabela cria um plano para magoar Ana. Henrique se insinua para Fanny e ela fica desconcertada.<\/p>\n<p>(*) edi\u00e7\u00e3o do SBT, Novela \u201cMeu Cora\u00e7\u00e3o \u00e9 Teu\u201d, sujeito a altera\u00e7\u00e3o de data e conte\u00fado. <\/p>\n","protected":false},"excerpt":{"rendered":"<p>Novela \u201cMeu Cora\u00e7\u00e3o \u00e9 Teu\u201d resumo 26\/04:chega o grande dia da festa de Al\u00edcia. Isabela e Fanny ajudam a menina se vestir. Ana leva o vestido de Alicia com Luz e descobre que ela j\u00e1 tem outro, muito mais fino e elegante. Ana esconde o vestido sem que Alicia veja. Fanny v\u00ea o vestido feito [&hellip;]<\/p>\n","protected":false},"author":2,"featured_media":82119,"comment_status":"open","ping_status":"closed","sticky":false,"template":"","format":"standard","meta":{"tdm_status":"","tdm_grid_status":"","footnotes":""},"categories":[379,372,343],"tags":[441],"class_list":{"0":"post-85016","1":"post","2":"type-post","3":"status-publish","4":"format-standard","5":"has-post-thumbnail","7":"category-novelas","8":"category-sbt","9":"category-televisao","10":"tag-resumo-do-dia"},"_links":{"self":[{"href":"https:\/\/migracao.redenoticia.com.br\/noticia\/wp-json\/wp\/v2\/posts\/85016","targetHints":{"allow":["GET"]}}],"collection":[{"href":"https:\/\/migracao.redenoticia.com.br\/noticia\/wp-json\/wp\/v2\/posts"}],"about":[{"href":"https:\/\/migracao.redenoticia.com.br\/noticia\/wp-json\/wp\/v2\/types\/post"}],"author":[{"embeddable":true,"href":"https:\/\/migracao.redenoticia.com.br\/noticia\/wp-json\/wp\/v2\/users\/2"}],"replies":[{"embeddable":true,"href":"https:\/\/migracao.redenoticia.com.br\/noticia\/wp-json\/wp\/v2\/comments?post=85016"}],"version-history":[{"count":0,"href":"https:\/\/migracao.redenoticia.com.br\/noticia\/wp-json\/wp\/v2\/posts\/85016\/revisions"}],"wp:featuredmedia":[{"embeddable":true,"href":"https:\/\/migracao.redenoticia.com.br\/noticia\/wp-json\/wp\/v2\/media\/82119"}],"wp:attachment":[{"href":"https:\/\/migracao.redenoticia.com.br\/noticia\/wp-json\/wp\/v2\/media?parent=85016"}],"wp:term":[{"taxonomy":"category","embeddable":true,"href":"https:\/\/migracao.redenoticia.com.br\/noticia\/wp-json\/wp\/v2\/categories?post=85016"},{"taxonomy":"post_tag","embeddable":true,"href":"https:\/\/migracao.redenoticia.com.br\/noticia\/wp-json\/wp\/v2\/tags?post=85016"}],"curies":[{"name":"wp","href":"https:\/\/api.w.org\/{rel}","templated":true}]}}