{"id":85062,"date":"2016-04-26T10:13:14","date_gmt":"2016-04-26T13:13:14","guid":{"rendered":"http:\/\/www.redenoticia.com.br\/noticia\/?p=85062"},"modified":"2016-04-25T20:15:23","modified_gmt":"2016-04-25T23:15:23","slug":"governo-de-sp-deve-avaliar-desempenho-dos-hospitais-conveniados-ao-sus","status":"publish","type":"post","link":"https:\/\/migracao.redenoticia.com.br\/noticia\/2016\/governo-de-sp-deve-avaliar-desempenho-dos-hospitais-conveniados-ao-sus\/85062","title":{"rendered":"Governo de SP deve avaliar desempenho dos hospitais conveniados ao SUS"},"content":{"rendered":"<p> Um verdadeiro &#8220;raio-x&#8221; vai avaliar a real situa\u00e7\u00e3o e o <strong><em>desempenho de todos os hospitais conveniados ao SUS<\/em><\/strong> (Sistema \u00danico de Sa\u00fade) que recebem recursos do Governo do Estado de S\u00e3o Paulo, incluindo Santas Casas e hospitais filantr\u00f3picos. A iniciativa, comandada pela Secretaria de Estado da Sa\u00fade, ir\u00e1 valer inclusive para os servi\u00e7os que hoje mant\u00eam conv\u00eanios com munic\u00edpios, mas que recebem aux\u00edlio financeiro com recursos do tesouro estadual.<\/p>\n<p>O objetivo \u00e9 conhecer a fundo como essas institui\u00e7\u00f5es est\u00e3o organizadas internamente para atender \u00e0 popula\u00e7\u00e3o, como est\u00e3o lidando com a quest\u00e3o econ\u00f4mico-financeira e qual a qualidade da assist\u00eancia oferecida, por meio de levantamento a ser realizado, incluindo an\u00e1lise de indicadores, visando \u00e0 melhoria da qualidade dos servi\u00e7os.<\/p>\n<p>As institui\u00e7\u00f5es ser\u00e3o escolhidas por sorteio. Uma equipe t\u00e9cnica da pasta far\u00e1 visita t\u00e9cnica \u00e0s institui\u00e7\u00f5es para preenchimento in loco do roteiro das informa\u00e7\u00f5es necess\u00e1rias. Todos os hospitais receber\u00e3o um comunicado contendo a rela\u00e7\u00e3o de documentos que dever\u00e3o ser providenciados para o dia da visita.<\/p>\n<p>Entenda as a\u00e7\u00f5es<br \/>\nO roteiro do &#8220;raio-x&#8221; \u00e9 composto por cinco t\u00f3picos principais: Plano Diretor e Operativo, Institucional, Assistencial, Econ\u00f4mico-Financeiro e Administrativo.<\/p>\n<p>Sobre a quest\u00e3o econ\u00f4mico-financeira, a Secretaria ir\u00e1 solicitar os balan\u00e7os patrimoniais de 2013, 2014 e 2015 e vai perguntar sobre o controle de &#8220;custos por absor\u00e7\u00e3o&#8221; em cada setor do hospital, incluindo centro cir\u00fargico, centro obst\u00e9trico, pronto-socorro, consultas m\u00e9dicas, UTI, al\u00e9m da rela\u00e7\u00e3o de funcion\u00e1rios por leito.<\/p>\n<p>Em rela\u00e7\u00e3o aos planos diretor e operativo, ser\u00e3o coletadas informa\u00e7\u00f5es sobre metas, produ\u00e7\u00e3o e percentual de alcance. Na \u00e1rea institucional, ser\u00e3o solicitados dados sobre atualiza\u00e7\u00e3o do Cadastro Nacional de Estabelecimentos de Sa\u00fade (CNES), acompanhamento do processo de habilita\u00e7\u00e3o de novos servi\u00e7os, exist\u00eancia de alvar\u00e1 atualizado da Vigil\u00e2ncia Sanit\u00e1ria e do Auto de Vistoria do Corpo de Bombeiros e comiss\u00f5es internas (\u00e9tica m\u00e9dica, controle de infec\u00e7\u00e3o hospitalar, revis\u00e3o de \u00f3bito, revis\u00e3o de prontu\u00e1rio etc.), bem como adequa\u00e7\u00e3o \u00e0 pol\u00edtica estadual de humaniza\u00e7\u00e3o, entre outros.<\/p>\n<p>No que se refere \u00e0 assist\u00eancia, a Secretaria ir\u00e1 perguntar sobre taxa de ocupa\u00e7\u00e3o, m\u00e9dia de perman\u00eancia dos pacientes, pacientes por leito\/m\u00eas, cirurgias por sala, taxa de suspens\u00e3o de cirurgias e motivos, exist\u00eancia de N\u00facleo Interno de Regula\u00e7\u00e3o, solicita\u00e7\u00f5es feitas \u00e0 central de vagas estadual (Cross), indicadores de infec\u00e7\u00e3o hospitalar, taxa de mortalidade institucional, incid\u00eancia de quedas de pacientes e \u00edndice de rotatividade de leitos, al\u00e9m de outros dados.<\/p>\n<p>A institui\u00e7\u00e3o ter\u00e1 de informar \u00e0 Secretaria, por exemplo, indicadores detalhados sobre as interna\u00e7\u00f5es de m\u00e9dia e alta complexidade, produ\u00e7\u00e3o ambulatorial e faturamento SUS, bem como \u00e0s metas estipuladas.<\/p>\n<p>J\u00e1 em rela\u00e7\u00e3o ao administrativo, a Secretaria ir\u00e1 perguntar aos hospitais sobre contratos mantidos com terceiros, a exemplo de limpeza, seguran\u00e7a, lavanderia e laborat\u00f3rio, e sobre como \u00e9 feito o monitoramento. Tamb\u00e9m solicitar\u00e1 informa\u00e7\u00f5es sobre sistema de controle de estoque, de recebimento de medicamentos e materiais, percentual de descarte de estoque vencido, entre outros.<\/p>\n<p>Do Portal do Governo do Estado SP<\/p>\n","protected":false},"excerpt":{"rendered":"<p>Um verdadeiro &#8220;raio-x&#8221; vai avaliar a real situa\u00e7\u00e3o e o desempenho de todos os hospitais conveniados ao SUS (Sistema \u00danico de Sa\u00fade) que recebem recursos do Governo do Estado de S\u00e3o Paulo, incluindo Santas Casas e hospitais filantr\u00f3picos. A iniciativa, comandada pela Secretaria de Estado da Sa\u00fade, ir\u00e1 valer inclusive para os servi\u00e7os que hoje [&hellip;]<\/p>\n","protected":false},"author":2,"featured_media":35093,"comment_status":"open","ping_status":"closed","sticky":false,"template":"","format":"standard","meta":{"tdm_status":"","tdm_grid_status":"","footnotes":""},"categories":[22,5],"tags":[],"class_list":{"0":"post-85062","1":"post","2":"type-post","3":"status-publish","4":"format-standard","5":"has-post-thumbnail","7":"category-brasil","8":"category-saude-e-vida"},"_links":{"self":[{"href":"https:\/\/migracao.redenoticia.com.br\/noticia\/wp-json\/wp\/v2\/posts\/85062","targetHints":{"allow":["GET"]}}],"collection":[{"href":"https:\/\/migracao.redenoticia.com.br\/noticia\/wp-json\/wp\/v2\/posts"}],"about":[{"href":"https:\/\/migracao.redenoticia.com.br\/noticia\/wp-json\/wp\/v2\/types\/post"}],"author":[{"embeddable":true,"href":"https:\/\/migracao.redenoticia.com.br\/noticia\/wp-json\/wp\/v2\/users\/2"}],"replies":[{"embeddable":true,"href":"https:\/\/migracao.redenoticia.com.br\/noticia\/wp-json\/wp\/v2\/comments?post=85062"}],"version-history":[{"count":0,"href":"https:\/\/migracao.redenoticia.com.br\/noticia\/wp-json\/wp\/v2\/posts\/85062\/revisions"}],"wp:featuredmedia":[{"embeddable":true,"href":"https:\/\/migracao.redenoticia.com.br\/noticia\/wp-json\/wp\/v2\/media\/35093"}],"wp:attachment":[{"href":"https:\/\/migracao.redenoticia.com.br\/noticia\/wp-json\/wp\/v2\/media?parent=85062"}],"wp:term":[{"taxonomy":"category","embeddable":true,"href":"https:\/\/migracao.redenoticia.com.br\/noticia\/wp-json\/wp\/v2\/categories?post=85062"},{"taxonomy":"post_tag","embeddable":true,"href":"https:\/\/migracao.redenoticia.com.br\/noticia\/wp-json\/wp\/v2\/tags?post=85062"}],"curies":[{"name":"wp","href":"https:\/\/api.w.org\/{rel}","templated":true}]}}