{"id":85078,"date":"2016-04-26T14:24:29","date_gmt":"2016-04-26T17:24:29","guid":{"rendered":"http:\/\/www.redenoticia.com.br\/noticia\/?p=85078"},"modified":"2016-04-26T19:56:34","modified_gmt":"2016-04-26T22:56:34","slug":"novela-a-mentira-resumo-2704-joao-aparece-de-surpresa-na-fazenda","status":"publish","type":"post","link":"https:\/\/migracao.redenoticia.com.br\/noticia\/2016\/novela-a-mentira-resumo-2704-joao-aparece-de-surpresa-na-fazenda\/85078","title":{"rendered":"Novela \u201cA Mentira\u201d resumo 27\/04: Veronica conta a Jo\u00e3o que \u00e9 muito infeliz"},"content":{"rendered":"<p> <img loading=\"lazy\" decoding=\"async\" class=\"alignleft size-thumbnail wp-image-83096\" src=\"https:\/\/migracao.redenoticia.com.br\/noticia\/imagens\/a_mentira_sbt_resumo_novela-150x112.jpg\" alt=\"a_mentira_sbt_resumo_novela\" width=\"150\" height=\"112\" srcset=\"https:\/\/migracao.redenoticia.com.br\/noticia\/imagens\/a_mentira_sbt_resumo_novela-150x112.jpg 150w, https:\/\/migracao.redenoticia.com.br\/noticia\/imagens\/a_mentira_sbt_resumo_novela-265x198.jpg 265w\" sizes=\"auto, (max-width: 150px) 100vw, 150px\" \/><strong><em>Novela \u201cA Mentira\u201d resumo 27\/04<\/em><\/strong>: Jo\u00e3o aparece de surpresa na fazenda e sua presen\u00e7a n\u00e3o agrada nada a Dem\u00e9trio. O casal demonstra uma felicidade que n\u00e3o existe, e Jo\u00e3o percebe que alguma coisa est\u00e1 errada entre Dem\u00e9trio e Ver\u00f4nica. Jo\u00e3o comenta sobre o fax que receberam e Ver\u00f4nica diz que n\u00e3o mandou nenhum fax. Ao ficarem a s\u00f3s, Dem\u00e9trio acusa Ver\u00f4nica de ter mandado um fax para a fam\u00edlia reclamando dele e ela o acusa de ter mandado o fax para que todos acreditassem que est\u00e1 tudo bem entre eles. Quando consegue ficar a s\u00f3s com Ver\u00f4nica, Jo\u00e3o tenta convenc\u00ea-la a contar o que est\u00e1 acontecendo. Ela conta que \u00e9 muito infeliz.<\/p>\n<p>No capitulo 023(*), novela \u201cA Mentira\u201d, quarta-feira, 27 de abril \u2013 Jo\u00e3o n\u00e3o se convence e, depois de muita insist\u00eancia, consegue ouvir a verdade dos l\u00e1bios da prima. Veronica conta que \u00e9 muito infeliz. Ele se oferece para ajud\u00e1-la e a ela convida a ir embora com ele. Veronica n\u00e3o aceita o convite e, chorando, pede a ele que n\u00e3o se case com Virg\u00ednia sem amor.\u00a0Dem\u00e9trio passa a noite angustiado, achando que Veronica ir\u00e1 embora com o primo. Confuso e apaixonado, ao mesmo tempo que prefere que ela o abandone, pois est\u00e1 convencido de que n\u00e3o deve fazer justi\u00e7a com as pr\u00f3prias m\u00e3os, admite que Veronica \u00e9 o grande amor da sua vida. Antes de Jo\u00e3o partir Veronica diz a ele que prefere ficar e provar ao marido que \u00e9 inocente de tudo que ele a culpa. S\u00f3 depois poder\u00e1 ir embora de cabe\u00e7a erguida. Irma conta a Ver\u00f4nica que conheceu, por foto, a namorada de Ricardo. Irma conta tamb\u00e9m que Dem\u00e9trio nunca viu a foto da mulher que enganou seu irm\u00e3o. Fala da carta que provocou o suic\u00eddio, do broche com a letra \u201cV\u201d e que Ricardo morreu muito antes do casamento dos dois. Dem\u00e9trio comenta com Jandira sobre a chegada do novo iate. Jandira, jogando mais um dos seus venenos, diz que acha que a lancha \u00e9 do Sr.Belot, e que escutou que Ver\u00f4nica estava pensando em ir embora. Dem\u00e9trio toma satisfa\u00e7\u00e3o com Ver\u00f4nica, que nega tudo e sai do quarto. Ela pega seu cavalo e sai. Dem\u00e9trio monta em seu cavalo e a segue. Virg\u00ednia discute com Teodoro no almo\u00e7o. Sara a defende, dizendo que ela est\u00e1 nervosa porque est\u00e1 se preparando para a coisa mais importante de sua vida, que \u00e9 o matrim\u00f4nio. Belot e Padre Willians chegam a mans\u00e3o de Dem\u00e9trio. <\/p>\n<p>Jacinto informa que Dem\u00e9trio e a esposa sa\u00edram e eles pedem para esperar. Como Dem\u00e9trio demora para chegar, Belot convida todos para mais tarde irem na inaugura\u00e7\u00e3o do iate. Dem\u00e9trio encontra Ver\u00f4nica na cachoeira e ela pergunta por que ele a seguiu. Ele diz que n\u00e3o confia nela. Ela resolve nadar e insiste para que entrem na cachoeira. Ele nega. Por fim acabam se beijando. Dem\u00e9trio come\u00e7a beijando Ver\u00f4nica ardentemente e, depois, de forma violenta, deixando Ver\u00f4nica sem entender nada. Virg\u00ednia participa de uma prova de seu vestido de noiva no atelier do costureiro. Ela reclama de tudo at\u00e9 que, sem querer, rasga a seda de seu vestido e discute com o costureiro. O vestido n\u00e3o ficar\u00e1 pronto para a data do casamento. Surge a ideia de Virg\u00ednia usar o vestido da av\u00f3. Jo\u00e3o descobre que Virg\u00ednia at\u00e9 o momento n\u00e3o fez nada para auxiliar o caso dos drogados da funda\u00e7\u00e3o. Ele pede ajuda da secret\u00e1ria para que sejam levantados todos os casos dos dependentes da Funda\u00e7\u00e3o. A m\u00e3e de Carla descobre, atrav\u00e9s da empregada, que a filha est\u00e1 envolvida com \u00e1lcool e drogas. Ver\u00f4nica e Dem\u00e9trio chegam ao iate de Belot. Para surpresa de todos o nome do iate \u00e9 Veronique. <\/p>\n<p>Jo\u00e3o vai ao apartamento de Santiago e pergunta se ele tem algum estudo ou pesquisa que possa vir a ajudar os dependentes de drogas encaminhados por Virg\u00ednia a ele. Jo\u00e3o pergunta mais uma vez de que forma Santiago pode ajudar as pessoas que Virg\u00ednia encaminha para ele. Santiago fala algumas besteiras que confundem Jo\u00e3o. No final Santiago diz a Jo\u00e3o que ele ganhou Virg\u00ednia, porque no fundo ela sempre foi apaixonada pelo Jo\u00e3o. Belot convida Ver\u00f4nica para ser madrinha do iate. Ela aceita, sem antes consultar o marido. Carla e sua m\u00e3e discutem. Ela nega que seja alco\u00f3latra ou viciada. A m\u00e3e pensa que se descuidou da educa\u00e7\u00e3o da filha. Carla pede que acredite nela. Francisco diz a Dem\u00e9trio que gostaria de n\u00e3o ter se casado. Dem\u00e9trio concorda com ele tamb\u00e9m. Neste momento chega Belot, que escutou toda conversa e diz que seria um prazer para ele livrar os dois desse fardo. Francisco briga com Belot, mais \u00e9 afastado por Dem\u00e9trio.<\/p>\n<p>(*) edi\u00e7\u00e3o do SBT, Novela \u201cA Mentira\u201d, sujeito a altera\u00e7\u00e3o de data e conte\u00fado.<\/p>\n","protected":false},"excerpt":{"rendered":"<p>Novela \u201cA Mentira\u201d resumo 27\/04: Jo\u00e3o aparece de surpresa na fazenda e sua presen\u00e7a n\u00e3o agrada nada a Dem\u00e9trio. O casal demonstra uma felicidade que n\u00e3o existe, e Jo\u00e3o percebe que alguma coisa est\u00e1 errada entre Dem\u00e9trio e Ver\u00f4nica. Jo\u00e3o comenta sobre o fax que receberam e Ver\u00f4nica diz que n\u00e3o mandou nenhum fax. Ao [&hellip;]<\/p>\n","protected":false},"author":2,"featured_media":83096,"comment_status":"open","ping_status":"closed","sticky":false,"template":"","format":"standard","meta":{"tdm_status":"","tdm_grid_status":"","footnotes":""},"categories":[379,372,343],"tags":[441],"class_list":{"0":"post-85078","1":"post","2":"type-post","3":"status-publish","4":"format-standard","5":"has-post-thumbnail","7":"category-novelas","8":"category-sbt","9":"category-televisao","10":"tag-resumo-do-dia"},"_links":{"self":[{"href":"https:\/\/migracao.redenoticia.com.br\/noticia\/wp-json\/wp\/v2\/posts\/85078","targetHints":{"allow":["GET"]}}],"collection":[{"href":"https:\/\/migracao.redenoticia.com.br\/noticia\/wp-json\/wp\/v2\/posts"}],"about":[{"href":"https:\/\/migracao.redenoticia.com.br\/noticia\/wp-json\/wp\/v2\/types\/post"}],"author":[{"embeddable":true,"href":"https:\/\/migracao.redenoticia.com.br\/noticia\/wp-json\/wp\/v2\/users\/2"}],"replies":[{"embeddable":true,"href":"https:\/\/migracao.redenoticia.com.br\/noticia\/wp-json\/wp\/v2\/comments?post=85078"}],"version-history":[{"count":0,"href":"https:\/\/migracao.redenoticia.com.br\/noticia\/wp-json\/wp\/v2\/posts\/85078\/revisions"}],"wp:featuredmedia":[{"embeddable":true,"href":"https:\/\/migracao.redenoticia.com.br\/noticia\/wp-json\/wp\/v2\/media\/83096"}],"wp:attachment":[{"href":"https:\/\/migracao.redenoticia.com.br\/noticia\/wp-json\/wp\/v2\/media?parent=85078"}],"wp:term":[{"taxonomy":"category","embeddable":true,"href":"https:\/\/migracao.redenoticia.com.br\/noticia\/wp-json\/wp\/v2\/categories?post=85078"},{"taxonomy":"post_tag","embeddable":true,"href":"https:\/\/migracao.redenoticia.com.br\/noticia\/wp-json\/wp\/v2\/tags?post=85078"}],"curies":[{"name":"wp","href":"https:\/\/api.w.org\/{rel}","templated":true}]}}